{"id":219362,"date":"2025-07-27T09:24:49","date_gmt":"2025-07-27T09:24:49","guid":{"rendered":"http:\/\/tarimhaber.com\/?p=219362"},"modified":"2025-07-27T09:24:49","modified_gmt":"2025-07-27T09:24:49","slug":"pinarhisarda-aycicegi-hasat-toreni-duzenlendi","status":"publish","type":"post","link":"https:\/\/tarimhaber.com\/?p=219362","title":{"rendered":"P\u0131narhisar&apos;da Ay\u00e7i\u00e7e\u011fi Hasat T\u00f6reni D\u00fczenlendi"},"content":{"rendered":"<p>P\u0131narhisar il\u00e7esi Cevizk\u00f6y&#8217;de d\u00fczenlenen ay\u00e7i\u00e7e\u011fi hasat t\u00f6reninde, Kaymakam Enver \u00d6zderin \u00e7ift\u00e7ilere bereketli bir sezon diledi. T\u00f6rene belediye ba\u015fkan\u0131 ve yerel y\u00f6neticiler de kat\u0131ld\u0131.<\/p>\n<p>Kaynak: <a href=\"https:\/\/www.haberler.com\/guncel\/pinarhisar-da-aycicegi-hasat-toreni-duzenlendi-18888748-haberi\/\" target=\"_blank\" class=\"feedzy-rss-link-icon\">Read More<\/a><\/p>","protected":false},"excerpt":{"rendered":"<p>P\u0131narhisar il\u00e7esi Cevizk\u00f6y&#8217;de d\u00fczenlenen ay\u00e7i\u00e7e\u011fi hasat t\u00f6reninde, Kaymakam Enver \u00d6zderin \u00e7ift\u00e7ilere bereketli bir sezon diledi. T\u00f6rene belediye ba\u015fkan\u0131 ve yerel y\u00f6neticiler de kat\u0131ld\u0131. Kaynak: Read More<\/p>\n","protected":false},"author":0,"featured_media":219363,"comment_status":"open","ping_status":"open","sticky":false,"template":"","format":"standard","meta":{"footnotes":""},"categories":[4200],"tags":[],"class_list":["post-219362","post","type-post","status-publish","format-standard","has-post-thumbnail","hentry","category-guncel-haberler"],"_links":{"self":[{"href":"https:\/\/tarimhaber.com\/index.php?rest_route=\/wp\/v2\/posts\/219362","targetHints":{"allow":["GET"]}}],"collection":[{"href":"https:\/\/tarimhaber.com\/index.php?rest_route=\/wp\/v2\/posts"}],"about":[{"href":"https:\/\/tarimhaber.com\/index.php?rest_route=\/wp\/v2\/types\/post"}],"replies":[{"embeddable":true,"href":"https:\/\/tarimhaber.com\/index.php?rest_route=%2Fwp%2Fv2%2Fcomments&post=219362"}],"version-history":[{"count":0,"href":"https:\/\/tarimhaber.com\/index.php?rest_route=\/wp\/v2\/posts\/219362\/revisions"}],"wp:featuredmedia":[{"embeddable":true,"href":"https:\/\/tarimhaber.com\/index.php?rest_route=\/wp\/v2\/media\/219363"}],"wp:attachment":[{"href":"https:\/\/tarimhaber.com\/index.php?rest_route=%2Fwp%2Fv2%2Fmedia&parent=219362"}],"wp:term":[{"taxonomy":"category","embeddable":true,"href":"https:\/\/tarimhaber.com\/index.php?rest_route=%2Fwp%2Fv2%2Fcategories&post=219362"},{"taxonomy":"post_tag","embeddable":true,"href":"https:\/\/tarimhaber.com\/index.php?rest_route=%2Fwp%2Fv2%2Ftags&post=219362"}],"curies":[{"name":"wp","href":"https:\/\/api.w.org\/{rel}","templated":true}]}}