{"id":219386,"date":"2025-07-27T10:25:34","date_gmt":"2025-07-27T10:25:34","guid":{"rendered":"https:\/\/tarimhaber.com\/?p=219386"},"modified":"2025-07-27T10:25:34","modified_gmt":"2025-07-27T10:25:34","slug":"usakta-orman-yanginlari-kontrol-altina-alindi","status":"publish","type":"post","link":"https:\/\/tarimhaber.com\/?p=219386","title":{"rendered":"U\u015fak&apos;ta Orman Yang\u0131nlar\u0131 Kontrol Alt\u0131na Al\u0131nd\u0131"},"content":{"rendered":"<p>U\u015fak&#8217;\u0131n Sivasl\u0131 il\u00e7esinde \u00e7\u0131kan orman yang\u0131nlar\u0131, havadan ve karadan yap\u0131lan m\u00fcdahalelerle b\u00fcy\u00fck \u00f6l\u00e7\u00fcde kontrol alt\u0131na al\u0131nd\u0131. Yang\u0131nlar nedeniyle Ketenlik k\u00f6y\u00fc tahliye edildi, baz\u0131 evler ve ah\u0131r zarar g\u00f6rd\u00fc.<\/p>\n<p>Kaynak: <a href=\"https:\/\/www.haberler.com\/guncel\/usak-ta-orman-yanginlari-kontrol-altina-alindi-18888962-haberi\/\" target=\"_blank\" class=\"feedzy-rss-link-icon\">Read More<\/a><\/p>","protected":false},"excerpt":{"rendered":"<p>U\u015fak&#8217;\u0131n Sivasl\u0131 il\u00e7esinde \u00e7\u0131kan orman yang\u0131nlar\u0131, havadan ve karadan yap\u0131lan m\u00fcdahalelerle b\u00fcy\u00fck \u00f6l\u00e7\u00fcde kontrol alt\u0131na al\u0131nd\u0131. Yang\u0131nlar nedeniyle Ketenlik k\u00f6y\u00fc tahliye edildi, baz\u0131 evler ve ah\u0131r zarar g\u00f6rd\u00fc. Kaynak: Read&hellip;<\/p>\n","protected":false},"author":0,"featured_media":0,"comment_status":"open","ping_status":"open","sticky":false,"template":"","format":"standard","meta":{"footnotes":""},"categories":[4200],"tags":[],"class_list":["post-219386","post","type-post","status-publish","format-standard","hentry","category-guncel-haberler"],"_links":{"self":[{"href":"https:\/\/tarimhaber.com\/index.php?rest_route=\/wp\/v2\/posts\/219386","targetHints":{"allow":["GET"]}}],"collection":[{"href":"https:\/\/tarimhaber.com\/index.php?rest_route=\/wp\/v2\/posts"}],"about":[{"href":"https:\/\/tarimhaber.com\/index.php?rest_route=\/wp\/v2\/types\/post"}],"replies":[{"embeddable":true,"href":"https:\/\/tarimhaber.com\/index.php?rest_route=%2Fwp%2Fv2%2Fcomments&post=219386"}],"version-history":[{"count":0,"href":"https:\/\/tarimhaber.com\/index.php?rest_route=\/wp\/v2\/posts\/219386\/revisions"}],"wp:attachment":[{"href":"https:\/\/tarimhaber.com\/index.php?rest_route=%2Fwp%2Fv2%2Fmedia&parent=219386"}],"wp:term":[{"taxonomy":"category","embeddable":true,"href":"https:\/\/tarimhaber.com\/index.php?rest_route=%2Fwp%2Fv2%2Fcategories&post=219386"},{"taxonomy":"post_tag","embeddable":true,"href":"https:\/\/tarimhaber.com\/index.php?rest_route=%2Fwp%2Fv2%2Ftags&post=219386"}],"curies":[{"name":"wp","href":"https:\/\/api.w.org\/{rel}","templated":true}]}}