{"id":219464,"date":"2025-07-28T00:28:47","date_gmt":"2025-07-28T00:28:47","guid":{"rendered":"http:\/\/tarimhaber.com\/?p=219464"},"modified":"2025-07-28T00:28:47","modified_gmt":"2025-07-28T00:28:47","slug":"aydindaki-yangin-kontrol-altina-alindi","status":"publish","type":"post","link":"https:\/\/tarimhaber.com\/?p=219464","title":{"rendered":"Ayd\u0131n&apos;daki Yang\u0131n Kontrol Alt\u0131na Al\u0131nd\u0131"},"content":{"rendered":"<p>Vali Yakup Canbolat, Ayd\u0131n&#8217;da tar\u0131m arazisinde ba\u015flayarak ormana s\u0131\u00e7rayan yang\u0131n\u0131n kontrol alt\u0131na al\u0131nd\u0131\u011f\u0131n\u0131 ve so\u011futma \u00e7al\u0131\u015fmalar\u0131na ba\u015fland\u0131\u011f\u0131n\u0131 a\u00e7\u0131klad\u0131. Yang\u0131nda 15 ki\u015finin etkilendi\u011fi belirtildi.<\/p>\n<p>Kaynak: <a href=\"https:\/\/www.haberler.com\/guncel\/aydin-daki-yangin-kontrol-altina-alindi-18890327-haberi\/\" target=\"_blank\" class=\"feedzy-rss-link-icon\">Read More<\/a><\/p>","protected":false},"excerpt":{"rendered":"<p>Vali Yakup Canbolat, Ayd\u0131n&#8217;da tar\u0131m arazisinde ba\u015flayarak ormana s\u0131\u00e7rayan yang\u0131n\u0131n kontrol alt\u0131na al\u0131nd\u0131\u011f\u0131n\u0131 ve so\u011futma \u00e7al\u0131\u015fmalar\u0131na ba\u015fland\u0131\u011f\u0131n\u0131 a\u00e7\u0131klad\u0131. Yang\u0131nda 15 ki\u015finin etkilendi\u011fi belirtildi. Kaynak: Read More<\/p>\n","protected":false},"author":0,"featured_media":0,"comment_status":"open","ping_status":"open","sticky":false,"template":"","format":"standard","meta":{"footnotes":""},"categories":[4200],"tags":[],"class_list":["post-219464","post","type-post","status-publish","format-standard","hentry","category-guncel-haberler"],"_links":{"self":[{"href":"https:\/\/tarimhaber.com\/index.php?rest_route=\/wp\/v2\/posts\/219464","targetHints":{"allow":["GET"]}}],"collection":[{"href":"https:\/\/tarimhaber.com\/index.php?rest_route=\/wp\/v2\/posts"}],"about":[{"href":"https:\/\/tarimhaber.com\/index.php?rest_route=\/wp\/v2\/types\/post"}],"replies":[{"embeddable":true,"href":"https:\/\/tarimhaber.com\/index.php?rest_route=%2Fwp%2Fv2%2Fcomments&post=219464"}],"version-history":[{"count":0,"href":"https:\/\/tarimhaber.com\/index.php?rest_route=\/wp\/v2\/posts\/219464\/revisions"}],"wp:attachment":[{"href":"https:\/\/tarimhaber.com\/index.php?rest_route=%2Fwp%2Fv2%2Fmedia&parent=219464"}],"wp:term":[{"taxonomy":"category","embeddable":true,"href":"https:\/\/tarimhaber.com\/index.php?rest_route=%2Fwp%2Fv2%2Fcategories&post=219464"},{"taxonomy":"post_tag","embeddable":true,"href":"https:\/\/tarimhaber.com\/index.php?rest_route=%2Fwp%2Fv2%2Ftags&post=219464"}],"curies":[{"name":"wp","href":"https:\/\/api.w.org\/{rel}","templated":true}]}}