{"id":219465,"date":"2025-07-28T00:28:47","date_gmt":"2025-07-28T00:28:47","guid":{"rendered":"http:\/\/tarimhaber.com\/?p=219465"},"modified":"2025-07-28T00:28:47","modified_gmt":"2025-07-28T00:28:47","slug":"catalzeytinde-yangin-kontrol-altina-alindi","status":"publish","type":"post","link":"https:\/\/tarimhaber.com\/?p=219465","title":{"rendered":"\u00c7atalzeytin&apos;de Yang\u0131n Kontrol Alt\u0131na Al\u0131nd\u0131"},"content":{"rendered":"<p>Kastamonu&#8217;nun \u00c7atalzeytin il\u00e7esinde bir otomobilde \u00e7\u0131kan yang\u0131n, r\u00fczgar\u0131n etkisiyle ormanl\u0131k alana s\u0131\u00e7rad\u0131. \u0130tfaiye ekipleri ve k\u00f6yl\u00fclerin \u00e7abalar\u0131yla yang\u0131n b\u00fcy\u00fcmeden kontrol alt\u0131na al\u0131nd\u0131.<\/p>\n<p>Kaynak: <a href=\"https:\/\/www.haberler.com\/3-sayfa\/catalzeytin-de-yangin-kontrol-altina-alindi-18890321-haberi\/\" target=\"_blank\" class=\"feedzy-rss-link-icon\">Read More<\/a><\/p>","protected":false},"excerpt":{"rendered":"<p>Kastamonu&#8217;nun \u00c7atalzeytin il\u00e7esinde bir otomobilde \u00e7\u0131kan yang\u0131n, r\u00fczgar\u0131n etkisiyle ormanl\u0131k alana s\u0131\u00e7rad\u0131. \u0130tfaiye ekipleri ve k\u00f6yl\u00fclerin \u00e7abalar\u0131yla yang\u0131n b\u00fcy\u00fcmeden kontrol alt\u0131na al\u0131nd\u0131. Kaynak: Read More<\/p>\n","protected":false},"author":0,"featured_media":219466,"comment_status":"open","ping_status":"open","sticky":false,"template":"","format":"standard","meta":{"footnotes":""},"categories":[4200],"tags":[],"class_list":["post-219465","post","type-post","status-publish","format-standard","has-post-thumbnail","hentry","category-guncel-haberler"],"_links":{"self":[{"href":"https:\/\/tarimhaber.com\/index.php?rest_route=\/wp\/v2\/posts\/219465","targetHints":{"allow":["GET"]}}],"collection":[{"href":"https:\/\/tarimhaber.com\/index.php?rest_route=\/wp\/v2\/posts"}],"about":[{"href":"https:\/\/tarimhaber.com\/index.php?rest_route=\/wp\/v2\/types\/post"}],"replies":[{"embeddable":true,"href":"https:\/\/tarimhaber.com\/index.php?rest_route=%2Fwp%2Fv2%2Fcomments&post=219465"}],"version-history":[{"count":0,"href":"https:\/\/tarimhaber.com\/index.php?rest_route=\/wp\/v2\/posts\/219465\/revisions"}],"wp:featuredmedia":[{"embeddable":true,"href":"https:\/\/tarimhaber.com\/index.php?rest_route=\/wp\/v2\/media\/219466"}],"wp:attachment":[{"href":"https:\/\/tarimhaber.com\/index.php?rest_route=%2Fwp%2Fv2%2Fmedia&parent=219465"}],"wp:term":[{"taxonomy":"category","embeddable":true,"href":"https:\/\/tarimhaber.com\/index.php?rest_route=%2Fwp%2Fv2%2Fcategories&post=219465"},{"taxonomy":"post_tag","embeddable":true,"href":"https:\/\/tarimhaber.com\/index.php?rest_route=%2Fwp%2Fv2%2Ftags&post=219465"}],"curies":[{"name":"wp","href":"https:\/\/api.w.org\/{rel}","templated":true}]}}