{"id":219469,"date":"2025-07-28T00:28:49","date_gmt":"2025-07-28T00:28:49","guid":{"rendered":"http:\/\/tarimhaber.com\/?p=219469"},"modified":"2025-07-28T00:28:49","modified_gmt":"2025-07-28T00:28:49","slug":"canakkalede-tarim-arazisinde-yangin-operatore-adli-islem-baslatildi","status":"publish","type":"post","link":"https:\/\/tarimhaber.com\/?p=219469","title":{"rendered":"\u00c7anakkale&apos;de Tar\u0131m Arazisinde Yang\u0131n, Operat\u00f6re Adli \u0130\u015flem Ba\u015flat\u0131ld\u0131"},"content":{"rendered":"<p>\u00c7anakkale&#8217;nin Ezine il\u00e7esinde tar\u0131m arazisinde \u00e7\u0131kan yang\u0131na neden olan balya makinesi operat\u00f6r\u00fc hakk\u0131nda adli i\u015flem ba\u015flat\u0131ld\u0131\u011f\u0131 bildirildi. Yang\u0131n, Orman B\u00f6lge M\u00fcd\u00fcrl\u00fc\u011f\u00fc ekiplerinin m\u00fcdahalesiyle b\u00fcy\u00fcmeden s\u00f6nd\u00fcr\u00fcld\u00fc.<\/p>\n<p>Kaynak: <a href=\"https:\/\/www.haberler.com\/3-sayfa\/canakkale-de-tarim-arazisinde-yangin-operatore-adli-islem-baslatildi-18890306-haberi\/\" target=\"_blank\" class=\"feedzy-rss-link-icon\">Read More<\/a><\/p>","protected":false},"excerpt":{"rendered":"<p>\u00c7anakkale&#8217;nin Ezine il\u00e7esinde tar\u0131m arazisinde \u00e7\u0131kan yang\u0131na neden olan balya makinesi operat\u00f6r\u00fc hakk\u0131nda adli i\u015flem ba\u015flat\u0131ld\u0131\u011f\u0131 bildirildi. Yang\u0131n, Orman B\u00f6lge M\u00fcd\u00fcrl\u00fc\u011f\u00fc ekiplerinin m\u00fcdahalesiyle b\u00fcy\u00fcmeden s\u00f6nd\u00fcr\u00fcld\u00fc. Kaynak: Read More<\/p>\n","protected":false},"author":0,"featured_media":219470,"comment_status":"open","ping_status":"open","sticky":false,"template":"","format":"standard","meta":{"footnotes":""},"categories":[4200],"tags":[],"class_list":["post-219469","post","type-post","status-publish","format-standard","has-post-thumbnail","hentry","category-guncel-haberler"],"_links":{"self":[{"href":"https:\/\/tarimhaber.com\/index.php?rest_route=\/wp\/v2\/posts\/219469","targetHints":{"allow":["GET"]}}],"collection":[{"href":"https:\/\/tarimhaber.com\/index.php?rest_route=\/wp\/v2\/posts"}],"about":[{"href":"https:\/\/tarimhaber.com\/index.php?rest_route=\/wp\/v2\/types\/post"}],"replies":[{"embeddable":true,"href":"https:\/\/tarimhaber.com\/index.php?rest_route=%2Fwp%2Fv2%2Fcomments&post=219469"}],"version-history":[{"count":0,"href":"https:\/\/tarimhaber.com\/index.php?rest_route=\/wp\/v2\/posts\/219469\/revisions"}],"wp:featuredmedia":[{"embeddable":true,"href":"https:\/\/tarimhaber.com\/index.php?rest_route=\/wp\/v2\/media\/219470"}],"wp:attachment":[{"href":"https:\/\/tarimhaber.com\/index.php?rest_route=%2Fwp%2Fv2%2Fmedia&parent=219469"}],"wp:term":[{"taxonomy":"category","embeddable":true,"href":"https:\/\/tarimhaber.com\/index.php?rest_route=%2Fwp%2Fv2%2Fcategories&post=219469"},{"taxonomy":"post_tag","embeddable":true,"href":"https:\/\/tarimhaber.com\/index.php?rest_route=%2Fwp%2Fv2%2Ftags&post=219469"}],"curies":[{"name":"wp","href":"https:\/\/api.w.org\/{rel}","templated":true}]}}