{"id":219531,"date":"2025-07-28T08:24:02","date_gmt":"2025-07-28T08:24:02","guid":{"rendered":"https:\/\/tarimhaber.com\/?p=219531"},"modified":"2025-07-28T08:24:02","modified_gmt":"2025-07-28T08:24:02","slug":"erzurumda-koyumde-yasamak-icin-bir-suru-nedenim-var-projesi-ile-1277-milyon-tl-kredi-dagitildi","status":"publish","type":"post","link":"https:\/\/tarimhaber.com\/?p=219531","title":{"rendered":"Erzurum&apos;da &apos;K\u00f6y\u00fcmde Ya\u015famak \u0130\u00e7in Bir S\u00fcr\u00fc Nedenim Var&apos; Projesi ile 127,7 Milyon TL Kredi Da\u011f\u0131t\u0131ld\u0131"},"content":{"rendered":"<p>&#8216;K\u00f6y\u00fcmde Ya\u015famak \u0130\u00e7in Bir S\u00fcr\u00fc Nedenim Var&#8217; projesi, Erzurum&#8217;da k\u00fc\u00e7\u00fckba\u015f hayvan yeti\u015ftiricili\u011fini yayg\u0131nla\u015ft\u0131rmak ve k\u0131rsal ya\u015fam\u0131 g\u00fc\u00e7lendirmek amac\u0131yla 690 yeti\u015ftiriciye toplamda 127,7 milyon TL kredi sa\u011flad\u0131. Proje, k\u00f6yden kente g\u00f6\u00e7\u00fc \u00f6nlemeyi hedefliyor.<\/p>\n<p>Kaynak: <a href=\"https:\/\/www.haberler.com\/ekonomi\/erzurum-da-koyumde-yasamak-icin-bir-suru-nedenim-var-projesi-ile-127-7-milyon-tl-kredi-dagitildi-18891227-haberi\/\" target=\"_blank\" class=\"feedzy-rss-link-icon\">Read More<\/a><\/p>","protected":false},"excerpt":{"rendered":"<p>&#8216;K\u00f6y\u00fcmde Ya\u015famak \u0130\u00e7in Bir S\u00fcr\u00fc Nedenim Var&#8217; projesi, Erzurum&#8217;da k\u00fc\u00e7\u00fckba\u015f hayvan yeti\u015ftiricili\u011fini yayg\u0131nla\u015ft\u0131rmak ve k\u0131rsal ya\u015fam\u0131 g\u00fc\u00e7lendirmek amac\u0131yla 690 yeti\u015ftiriciye toplamda 127,7 milyon TL kredi sa\u011flad\u0131. Proje, k\u00f6yden kente g\u00f6\u00e7\u00fc&hellip;<\/p>\n","protected":false},"author":0,"featured_media":219532,"comment_status":"open","ping_status":"open","sticky":false,"template":"","format":"standard","meta":{"footnotes":""},"categories":[4200],"tags":[],"class_list":["post-219531","post","type-post","status-publish","format-standard","has-post-thumbnail","hentry","category-guncel-haberler"],"_links":{"self":[{"href":"https:\/\/tarimhaber.com\/index.php?rest_route=\/wp\/v2\/posts\/219531","targetHints":{"allow":["GET"]}}],"collection":[{"href":"https:\/\/tarimhaber.com\/index.php?rest_route=\/wp\/v2\/posts"}],"about":[{"href":"https:\/\/tarimhaber.com\/index.php?rest_route=\/wp\/v2\/types\/post"}],"replies":[{"embeddable":true,"href":"https:\/\/tarimhaber.com\/index.php?rest_route=%2Fwp%2Fv2%2Fcomments&post=219531"}],"version-history":[{"count":0,"href":"https:\/\/tarimhaber.com\/index.php?rest_route=\/wp\/v2\/posts\/219531\/revisions"}],"wp:featuredmedia":[{"embeddable":true,"href":"https:\/\/tarimhaber.com\/index.php?rest_route=\/wp\/v2\/media\/219532"}],"wp:attachment":[{"href":"https:\/\/tarimhaber.com\/index.php?rest_route=%2Fwp%2Fv2%2Fmedia&parent=219531"}],"wp:term":[{"taxonomy":"category","embeddable":true,"href":"https:\/\/tarimhaber.com\/index.php?rest_route=%2Fwp%2Fv2%2Fcategories&post=219531"},{"taxonomy":"post_tag","embeddable":true,"href":"https:\/\/tarimhaber.com\/index.php?rest_route=%2Fwp%2Fv2%2Ftags&post=219531"}],"curies":[{"name":"wp","href":"https:\/\/api.w.org\/{rel}","templated":true}]}}