{"id":219533,"date":"2025-07-28T08:24:03","date_gmt":"2025-07-28T08:24:03","guid":{"rendered":"https:\/\/tarimhaber.com\/?p=219533"},"modified":"2025-07-28T08:24:03","modified_gmt":"2025-07-28T08:24:03","slug":"cigerleri-yakan-orman-yanginlarinin-yarisi-ihmal-ve-dikkatsizlikten-kaynaklaniyor","status":"publish","type":"post","link":"https:\/\/tarimhaber.com\/?p=219533","title":{"rendered":"Ci\u011ferleri yakan orman yang\u0131nlar\u0131n\u0131n yar\u0131s\u0131 ihmal ve dikkatsizlikten kaynaklan\u0131yor"},"content":{"rendered":"<p>T\u00fcrkiye&#8217;de son g\u00fcnlerde h\u0131zla artan orman yang\u0131nlar\u0131n\u0131n yakla\u015f\u0131k y\u00fczde 50&#8217;sinin ihmal ve dikkatsizlikten kaynakland\u0131\u011f\u0131 bildirildi.<\/p>\n<p>Kaynak: <a href=\"https:\/\/www.haberler.com\/guncel\/cigerleri-yakan-orman-yanginlarinin-yarisi-ihmal-18891196-haberi\/\" target=\"_blank\" class=\"feedzy-rss-link-icon\">Read More<\/a><\/p>","protected":false},"excerpt":{"rendered":"<p>T\u00fcrkiye&#8217;de son g\u00fcnlerde h\u0131zla artan orman yang\u0131nlar\u0131n\u0131n yakla\u015f\u0131k y\u00fczde 50&#8217;sinin ihmal ve dikkatsizlikten kaynakland\u0131\u011f\u0131 bildirildi. Kaynak: Read More<\/p>\n","protected":false},"author":0,"featured_media":0,"comment_status":"open","ping_status":"open","sticky":false,"template":"","format":"standard","meta":{"footnotes":""},"categories":[4200],"tags":[],"class_list":["post-219533","post","type-post","status-publish","format-standard","hentry","category-guncel-haberler"],"_links":{"self":[{"href":"https:\/\/tarimhaber.com\/index.php?rest_route=\/wp\/v2\/posts\/219533","targetHints":{"allow":["GET"]}}],"collection":[{"href":"https:\/\/tarimhaber.com\/index.php?rest_route=\/wp\/v2\/posts"}],"about":[{"href":"https:\/\/tarimhaber.com\/index.php?rest_route=\/wp\/v2\/types\/post"}],"replies":[{"embeddable":true,"href":"https:\/\/tarimhaber.com\/index.php?rest_route=%2Fwp%2Fv2%2Fcomments&post=219533"}],"version-history":[{"count":0,"href":"https:\/\/tarimhaber.com\/index.php?rest_route=\/wp\/v2\/posts\/219533\/revisions"}],"wp:attachment":[{"href":"https:\/\/tarimhaber.com\/index.php?rest_route=%2Fwp%2Fv2%2Fmedia&parent=219533"}],"wp:term":[{"taxonomy":"category","embeddable":true,"href":"https:\/\/tarimhaber.com\/index.php?rest_route=%2Fwp%2Fv2%2Fcategories&post=219533"},{"taxonomy":"post_tag","embeddable":true,"href":"https:\/\/tarimhaber.com\/index.php?rest_route=%2Fwp%2Fv2%2Ftags&post=219533"}],"curies":[{"name":"wp","href":"https:\/\/api.w.org\/{rel}","templated":true}]}}