{"id":219542,"date":"2025-07-28T08:24:06","date_gmt":"2025-07-28T08:24:06","guid":{"rendered":"https:\/\/tarimhaber.com\/?p=219542"},"modified":"2025-07-28T08:24:06","modified_gmt":"2025-07-28T08:24:06","slug":"kirklarelinde-aniz-yangini-kontrol-altina-alindi-2","status":"publish","type":"post","link":"https:\/\/tarimhaber.com\/?p=219542","title":{"rendered":"K\u0131rklareli&apos;nde An\u0131z Yang\u0131n\u0131 Kontrol Alt\u0131na Al\u0131nd\u0131"},"content":{"rendered":"<p>K\u0131rklareli&#8217;nin \u00c7e\u015fmek\u00f6y k\u00f6y\u00fcnde, yeni hasat edilmi\u015f bu\u011fday tarlas\u0131ndan ba\u015flayan yang\u0131n ormanl\u0131k alana s\u0131\u00e7rad\u0131. \u0130tfaiye ekipleri ve orman i\u015fletme personeli m\u00fcdahale ederek yang\u0131n\u0131 kontrol alt\u0131na ald\u0131.<\/p>\n<p>Kaynak: <a href=\"https:\/\/www.haberler.com\/guncel\/kirklareli-nde-aniz-yangini-kontrol-altina-alindi-18891095-haberi\/\" target=\"_blank\" class=\"feedzy-rss-link-icon\">Read More<\/a><\/p>","protected":false},"excerpt":{"rendered":"<p>K\u0131rklareli&#8217;nin \u00c7e\u015fmek\u00f6y k\u00f6y\u00fcnde, yeni hasat edilmi\u015f bu\u011fday tarlas\u0131ndan ba\u015flayan yang\u0131n ormanl\u0131k alana s\u0131\u00e7rad\u0131. \u0130tfaiye ekipleri ve orman i\u015fletme personeli m\u00fcdahale ederek yang\u0131n\u0131 kontrol alt\u0131na ald\u0131. Kaynak: Read More<\/p>\n","protected":false},"author":0,"featured_media":0,"comment_status":"open","ping_status":"open","sticky":false,"template":"","format":"standard","meta":{"footnotes":""},"categories":[4200],"tags":[],"class_list":["post-219542","post","type-post","status-publish","format-standard","hentry","category-guncel-haberler"],"_links":{"self":[{"href":"https:\/\/tarimhaber.com\/index.php?rest_route=\/wp\/v2\/posts\/219542","targetHints":{"allow":["GET"]}}],"collection":[{"href":"https:\/\/tarimhaber.com\/index.php?rest_route=\/wp\/v2\/posts"}],"about":[{"href":"https:\/\/tarimhaber.com\/index.php?rest_route=\/wp\/v2\/types\/post"}],"replies":[{"embeddable":true,"href":"https:\/\/tarimhaber.com\/index.php?rest_route=%2Fwp%2Fv2%2Fcomments&post=219542"}],"version-history":[{"count":0,"href":"https:\/\/tarimhaber.com\/index.php?rest_route=\/wp\/v2\/posts\/219542\/revisions"}],"wp:attachment":[{"href":"https:\/\/tarimhaber.com\/index.php?rest_route=%2Fwp%2Fv2%2Fmedia&parent=219542"}],"wp:term":[{"taxonomy":"category","embeddable":true,"href":"https:\/\/tarimhaber.com\/index.php?rest_route=%2Fwp%2Fv2%2Fcategories&post=219542"},{"taxonomy":"post_tag","embeddable":true,"href":"https:\/\/tarimhaber.com\/index.php?rest_route=%2Fwp%2Fv2%2Ftags&post=219542"}],"curies":[{"name":"wp","href":"https:\/\/api.w.org\/{rel}","templated":true}]}}