{"id":219548,"date":"2025-07-28T09:27:53","date_gmt":"2025-07-28T09:27:53","guid":{"rendered":"https:\/\/tarimhaber.com\/?p=219548"},"modified":"2025-07-28T09:27:53","modified_gmt":"2025-07-28T09:27:53","slug":"aydin-ziraat-odalari-koordinasyon-kurulu-toplantisi-sultanhisar-ilcesinde-gerceklestirildi-aydin-ziraat-odalari-koordinasyon-kurulunun-her-ay-farkli-bir-ilcede-duzenledigi-toplantinin-bu-ayki-adre","status":"publish","type":"post","link":"https:\/\/tarimhaber.com\/?p=219548","title":{"rendered":"Ayd\u0131n Ziraat Odalar\u0131 Koordinasyon Kurulu Toplant\u0131s\u0131, Sultanhisar il\u00e7esinde ger\u00e7ekle\u015ftirildi. Ayd\u0131n Ziraat Odalar\u0131 Koordinasyon Kurulu&#8217;nun her ay farkl\u0131 bir il\u00e7ede d\u00fczenledi\u011fi toplant\u0131n\u0131n bu ayki adresi Sultanhisar oldu. Toplant\u0131ya Sultanhisar Kaymakam\u0131 Ali Ekbe &#8211; instagram.com"},"content":{"rendered":"<p><a href=\"https:\/\/news.google.com\/rss\/articles\/CBMiUkFVX3lxTE56R0FUakwzWmJ0MUNYeUt1bHRIcWFwdVdnck5JcU5qNmN2bk5xUkV4MW5fS25WZFExS2g2ajgxWEVYTDRKNWNOd0o0d0l2WG1tQmc?oc=5\" target=\"_blank\">Ayd\u0131n Ziraat Odalar\u0131 Koordinasyon Kurulu Toplant\u0131s\u0131, Sultanhisar il\u00e7esinde ger\u00e7ekle\u015ftirildi. Ayd\u0131n Ziraat Odalar\u0131 Koordinasyon Kurulu&#8217;nun her ay farkl\u0131 bir il\u00e7ede d\u00fczenledi\u011fi toplant\u0131n\u0131n bu ayki adresi Sultanhisar oldu. Toplant\u0131ya Sultanhisar Kaymakam\u0131 Ali Ekbe<\/a>\u00a0\u00a0instagram.com<\/p>\n<p>Kaynak: <a href=\"https:\/\/news.google.com\/rss\/articles\/CBMiUkFVX3lxTE56R0FUakwzWmJ0MUNYeUt1bHRIcWFwdVdnck5JcU5qNmN2bk5xUkV4MW5fS25WZFExS2g2ajgxWEVYTDRKNWNOd0o0d0l2WG1tQmc?oc=5\" target=\"_blank\" class=\"feedzy-rss-link-icon\">Read More<\/a><\/p>","protected":false},"excerpt":{"rendered":"<p>Ayd\u0131n Ziraat Odalar\u0131 Koordinasyon Kurulu Toplant\u0131s\u0131, Sultanhisar il\u00e7esinde ger\u00e7ekle\u015ftirildi. Ayd\u0131n Ziraat Odalar\u0131 Koordinasyon Kurulu&#8217;nun her ay farkl\u0131 bir il\u00e7ede d\u00fczenledi\u011fi toplant\u0131n\u0131n bu ayki adresi Sultanhisar oldu. Toplant\u0131ya Sultanhisar Kaymakam\u0131 Ali&hellip;<\/p>\n","protected":false},"author":0,"featured_media":0,"comment_status":"open","ping_status":"open","sticky":false,"template":"","format":"standard","meta":{"footnotes":""},"categories":[4200],"tags":[],"class_list":["post-219548","post","type-post","status-publish","format-standard","has-post-thumbnail","hentry","category-guncel-haberler"],"_links":{"self":[{"href":"https:\/\/tarimhaber.com\/index.php?rest_route=\/wp\/v2\/posts\/219548","targetHints":{"allow":["GET"]}}],"collection":[{"href":"https:\/\/tarimhaber.com\/index.php?rest_route=\/wp\/v2\/posts"}],"about":[{"href":"https:\/\/tarimhaber.com\/index.php?rest_route=\/wp\/v2\/types\/post"}],"replies":[{"embeddable":true,"href":"https:\/\/tarimhaber.com\/index.php?rest_route=%2Fwp%2Fv2%2Fcomments&post=219548"}],"version-history":[{"count":0,"href":"https:\/\/tarimhaber.com\/index.php?rest_route=\/wp\/v2\/posts\/219548\/revisions"}],"wp:attachment":[{"href":"https:\/\/tarimhaber.com\/index.php?rest_route=%2Fwp%2Fv2%2Fmedia&parent=219548"}],"wp:term":[{"taxonomy":"category","embeddable":true,"href":"https:\/\/tarimhaber.com\/index.php?rest_route=%2Fwp%2Fv2%2Fcategories&post=219548"},{"taxonomy":"post_tag","embeddable":true,"href":"https:\/\/tarimhaber.com\/index.php?rest_route=%2Fwp%2Fv2%2Ftags&post=219548"}],"curies":[{"name":"wp","href":"https:\/\/api.w.org\/{rel}","templated":true}]}}