{"id":219549,"date":"2025-07-28T09:27:54","date_gmt":"2025-07-28T09:27:54","guid":{"rendered":"https:\/\/tarimhaber.com\/?p=219549"},"modified":"2025-07-28T09:27:54","modified_gmt":"2025-07-28T09:27:54","slug":"sanliurfada-yerel-ureticilere-alim-garantisi-sunan-surdurulebilir-tarim-protokolu-imzalandi","status":"publish","type":"post","link":"https:\/\/tarimhaber.com\/?p=219549","title":{"rendered":"\u015eanl\u0131urfa&apos;da Yerel \u00dcreticilere Al\u0131m Garantisi Sunan S\u00fcrd\u00fcr\u00fclebilir Tar\u0131m Protokol\u00fc \u0130mzaland\u0131"},"content":{"rendered":"<p>\u015eanl\u0131urfa Valili\u011fi, GAP B\u00f6lge Kalk\u0131nma \u0130daresi ve Migros, kad\u0131n kooperatiflerini destekleyen s\u00fcrd\u00fcr\u00fclebilir tar\u0131m protokol\u00fcn\u00fc hayata ge\u00e7irdi. Protokol, yerel \u00fcreticilere al\u0131m garantisi sunarak tar\u0131m \u00fcr\u00fcnlerinin \u00e7e\u015fitlendirilmesini ve iyi tar\u0131m uygulamalar\u0131n\u0131n yayg\u0131nla\u015ft\u0131r\u0131lmas\u0131n\u0131 ama\u00e7l\u0131yor.<\/p>\n<p>Kaynak: <a href=\"https:\/\/www.haberler.com\/ekonomi\/sanliurfa-da-yerel-ureticilere-alim-garantisi-sunan-surdurulebilir-tarim-protokolu-imzalandi-18891549-haberi\/\" target=\"_blank\" class=\"feedzy-rss-link-icon\">Read More<\/a><\/p>","protected":false},"excerpt":{"rendered":"<p>\u015eanl\u0131urfa Valili\u011fi, GAP B\u00f6lge Kalk\u0131nma \u0130daresi ve Migros, kad\u0131n kooperatiflerini destekleyen s\u00fcrd\u00fcr\u00fclebilir tar\u0131m protokol\u00fcn\u00fc hayata ge\u00e7irdi. Protokol, yerel \u00fcreticilere al\u0131m garantisi sunarak tar\u0131m \u00fcr\u00fcnlerinin \u00e7e\u015fitlendirilmesini ve iyi tar\u0131m uygulamalar\u0131n\u0131n yayg\u0131nla\u015ft\u0131r\u0131lmas\u0131n\u0131&hellip;<\/p>\n","protected":false},"author":0,"featured_media":219550,"comment_status":"open","ping_status":"open","sticky":false,"template":"","format":"standard","meta":{"footnotes":""},"categories":[4200],"tags":[],"class_list":["post-219549","post","type-post","status-publish","format-standard","has-post-thumbnail","hentry","category-guncel-haberler"],"_links":{"self":[{"href":"https:\/\/tarimhaber.com\/index.php?rest_route=\/wp\/v2\/posts\/219549","targetHints":{"allow":["GET"]}}],"collection":[{"href":"https:\/\/tarimhaber.com\/index.php?rest_route=\/wp\/v2\/posts"}],"about":[{"href":"https:\/\/tarimhaber.com\/index.php?rest_route=\/wp\/v2\/types\/post"}],"replies":[{"embeddable":true,"href":"https:\/\/tarimhaber.com\/index.php?rest_route=%2Fwp%2Fv2%2Fcomments&post=219549"}],"version-history":[{"count":0,"href":"https:\/\/tarimhaber.com\/index.php?rest_route=\/wp\/v2\/posts\/219549\/revisions"}],"wp:featuredmedia":[{"embeddable":true,"href":"https:\/\/tarimhaber.com\/index.php?rest_route=\/wp\/v2\/media\/219550"}],"wp:attachment":[{"href":"https:\/\/tarimhaber.com\/index.php?rest_route=%2Fwp%2Fv2%2Fmedia&parent=219549"}],"wp:term":[{"taxonomy":"category","embeddable":true,"href":"https:\/\/tarimhaber.com\/index.php?rest_route=%2Fwp%2Fv2%2Fcategories&post=219549"},{"taxonomy":"post_tag","embeddable":true,"href":"https:\/\/tarimhaber.com\/index.php?rest_route=%2Fwp%2Fv2%2Ftags&post=219549"}],"curies":[{"name":"wp","href":"https:\/\/api.w.org\/{rel}","templated":true}]}}