{"id":219551,"date":"2025-07-28T09:27:55","date_gmt":"2025-07-28T09:27:55","guid":{"rendered":"https:\/\/tarimhaber.com\/?p=219551"},"modified":"2025-07-28T09:27:55","modified_gmt":"2025-07-28T09:27:55","slug":"nuans-insani-yardim-dernegi-afrikali-kadinlar-icin-tarim-projeleri-baslatti","status":"publish","type":"post","link":"https:\/\/tarimhaber.com\/?p=219551","title":{"rendered":"N\u00fcans \u0130nsani Yard\u0131m Derne\u011fi, Afrikal\u0131 Kad\u0131nlar \u0130\u00e7in Tar\u0131m Projeleri Ba\u015flatt\u0131"},"content":{"rendered":"<p>Almanya&#8217;da faaliyet g\u00f6steren N\u00fcans \u0130nsani Yard\u0131m Derne\u011fi, Afrika&#8217;daki kad\u0131nlar\u0131n ekonomik ba\u011f\u0131ms\u0131zl\u0131\u011f\u0131n\u0131 desteklemek amac\u0131yla s\u00fcrd\u00fcr\u00fclebilir kalk\u0131nma projeleri ba\u015flatt\u0131. Kenya&#8217;n\u0131n Kajiado b\u00f6lgesinde ger\u00e7ekle\u015ftirilen ilk tar\u0131m projesinde, yetim anneleri de dahil olmak \u00fczere 20 kad\u0131n fasulye tohumlar\u0131 ekti ve elde edilen \u00fcr\u00fcnlerin bir k\u0131sm\u0131yla yerel yetimhanelerin ihtiya\u00e7lar\u0131 kar\u015f\u0131land\u0131.<\/p>\n<p>Kaynak: <a href=\"https:\/\/www.haberler.com\/guncel\/nuans-insani-yardim-dernegi-afrikali-kadinlar-icin-tarim-projeleri-baslatti-18891520-haberi\/\" target=\"_blank\" class=\"feedzy-rss-link-icon\">Read More<\/a><\/p>","protected":false},"excerpt":{"rendered":"<p>Almanya&#8217;da faaliyet g\u00f6steren N\u00fcans \u0130nsani Yard\u0131m Derne\u011fi, Afrika&#8217;daki kad\u0131nlar\u0131n ekonomik ba\u011f\u0131ms\u0131zl\u0131\u011f\u0131n\u0131 desteklemek amac\u0131yla s\u00fcrd\u00fcr\u00fclebilir kalk\u0131nma projeleri ba\u015flatt\u0131. Kenya&#8217;n\u0131n Kajiado b\u00f6lgesinde ger\u00e7ekle\u015ftirilen ilk tar\u0131m projesinde, yetim anneleri de dahil olmak \u00fczere&hellip;<\/p>\n","protected":false},"author":0,"featured_media":0,"comment_status":"open","ping_status":"open","sticky":false,"template":"","format":"standard","meta":{"footnotes":""},"categories":[4200],"tags":[],"class_list":["post-219551","post","type-post","status-publish","format-standard","hentry","category-guncel-haberler"],"_links":{"self":[{"href":"https:\/\/tarimhaber.com\/index.php?rest_route=\/wp\/v2\/posts\/219551","targetHints":{"allow":["GET"]}}],"collection":[{"href":"https:\/\/tarimhaber.com\/index.php?rest_route=\/wp\/v2\/posts"}],"about":[{"href":"https:\/\/tarimhaber.com\/index.php?rest_route=\/wp\/v2\/types\/post"}],"replies":[{"embeddable":true,"href":"https:\/\/tarimhaber.com\/index.php?rest_route=%2Fwp%2Fv2%2Fcomments&post=219551"}],"version-history":[{"count":0,"href":"https:\/\/tarimhaber.com\/index.php?rest_route=\/wp\/v2\/posts\/219551\/revisions"}],"wp:attachment":[{"href":"https:\/\/tarimhaber.com\/index.php?rest_route=%2Fwp%2Fv2%2Fmedia&parent=219551"}],"wp:term":[{"taxonomy":"category","embeddable":true,"href":"https:\/\/tarimhaber.com\/index.php?rest_route=%2Fwp%2Fv2%2Fcategories&post=219551"},{"taxonomy":"post_tag","embeddable":true,"href":"https:\/\/tarimhaber.com\/index.php?rest_route=%2Fwp%2Fv2%2Ftags&post=219551"}],"curies":[{"name":"wp","href":"https:\/\/api.w.org\/{rel}","templated":true}]}}