{"id":219562,"date":"2025-07-28T09:27:59","date_gmt":"2025-07-28T09:27:59","guid":{"rendered":"https:\/\/tarimhaber.com\/?p=219562"},"modified":"2025-07-28T09:27:59","modified_gmt":"2025-07-28T09:27:59","slug":"egirdirde-karga-yangin-cikardi-2-donum-alan-zarar-gordu","status":"publish","type":"post","link":"https:\/\/tarimhaber.com\/?p=219562","title":{"rendered":"E\u011firdir&apos;de Karga Yang\u0131n \u00c7\u0131kard\u0131: 2 D\u00f6n\u00fcm Alan Zarar G\u00f6rd\u00fc"},"content":{"rendered":"<p>Isparta&#8217;n\u0131n E\u011firdir il\u00e7esinde bir kargan\u0131n y\u00fcksek gerilim hatt\u0131na \u00e7arpmas\u0131 sonucu \u00e7\u0131kan yang\u0131nda 2 d\u00f6n\u00fcml\u00fck otluk alan zarar g\u00f6rd\u00fc. Yang\u0131na itfaiye ekipleri m\u00fcdahale etti ve yang\u0131n kontrol alt\u0131na al\u0131nd\u0131.<\/p>\n<p>Kaynak: <a href=\"https:\/\/www.haberler.com\/3-sayfa\/egirdir-de-karga-yangin-cikardi-2-donum-alan-zarar-gordu-18891298-haberi\/\" target=\"_blank\" class=\"feedzy-rss-link-icon\">Read More<\/a><\/p>","protected":false},"excerpt":{"rendered":"<p>Isparta&#8217;n\u0131n E\u011firdir il\u00e7esinde bir kargan\u0131n y\u00fcksek gerilim hatt\u0131na \u00e7arpmas\u0131 sonucu \u00e7\u0131kan yang\u0131nda 2 d\u00f6n\u00fcml\u00fck otluk alan zarar g\u00f6rd\u00fc. Yang\u0131na itfaiye ekipleri m\u00fcdahale etti ve yang\u0131n kontrol alt\u0131na al\u0131nd\u0131. Kaynak: Read&hellip;<\/p>\n","protected":false},"author":0,"featured_media":219563,"comment_status":"open","ping_status":"open","sticky":false,"template":"","format":"standard","meta":{"footnotes":""},"categories":[4200],"tags":[],"class_list":["post-219562","post","type-post","status-publish","format-standard","has-post-thumbnail","hentry","category-guncel-haberler"],"_links":{"self":[{"href":"https:\/\/tarimhaber.com\/index.php?rest_route=\/wp\/v2\/posts\/219562","targetHints":{"allow":["GET"]}}],"collection":[{"href":"https:\/\/tarimhaber.com\/index.php?rest_route=\/wp\/v2\/posts"}],"about":[{"href":"https:\/\/tarimhaber.com\/index.php?rest_route=\/wp\/v2\/types\/post"}],"replies":[{"embeddable":true,"href":"https:\/\/tarimhaber.com\/index.php?rest_route=%2Fwp%2Fv2%2Fcomments&post=219562"}],"version-history":[{"count":0,"href":"https:\/\/tarimhaber.com\/index.php?rest_route=\/wp\/v2\/posts\/219562\/revisions"}],"wp:featuredmedia":[{"embeddable":true,"href":"https:\/\/tarimhaber.com\/index.php?rest_route=\/wp\/v2\/media\/219563"}],"wp:attachment":[{"href":"https:\/\/tarimhaber.com\/index.php?rest_route=%2Fwp%2Fv2%2Fmedia&parent=219562"}],"wp:term":[{"taxonomy":"category","embeddable":true,"href":"https:\/\/tarimhaber.com\/index.php?rest_route=%2Fwp%2Fv2%2Fcategories&post=219562"},{"taxonomy":"post_tag","embeddable":true,"href":"https:\/\/tarimhaber.com\/index.php?rest_route=%2Fwp%2Fv2%2Ftags&post=219562"}],"curies":[{"name":"wp","href":"https:\/\/api.w.org\/{rel}","templated":true}]}}