{"id":219571,"date":"2025-07-28T10:34:53","date_gmt":"2025-07-28T10:34:53","guid":{"rendered":"https:\/\/tarimhaber.com\/?p=219571"},"modified":"2025-07-28T10:34:53","modified_gmt":"2025-07-28T10:34:53","slug":"kirklarelinde-tarla-yangini-ormana-sicradi-hizla-kontrol-altina-alindi","status":"publish","type":"post","link":"https:\/\/tarimhaber.com\/?p=219571","title":{"rendered":"K\u0131rklareli&apos;nde Tarla Yang\u0131n\u0131 Ormana S\u0131\u00e7rad\u0131, H\u0131zla Kontrol Alt\u0131na Al\u0131nd\u0131"},"content":{"rendered":"<p>K\u0131rklareli&#8217;nin \u00c7e\u015fmek\u00f6y k\u00f6y\u00fcnde bu\u011fday tarlas\u0131nda \u00e7\u0131kan yang\u0131n, ormanl\u0131k alana s\u0131\u00e7rad\u0131. \u0130tfaiye ve Orman \u0130\u015fletme M\u00fcd\u00fcrl\u00fc\u011f\u00fc ekipleri, yang\u0131n\u0131 b\u00fcy\u00fcmeden kontrol alt\u0131na ald\u0131. K\u0131rklareli Valisi U\u011fur Turan olay yerine giderek bilgi ald\u0131.<\/p>\n<p>Kaynak: <a href=\"https:\/\/www.haberler.com\/3-sayfa\/kirklareli-nde-tarla-yangini-ormana-sicradi-hizla-kontrol-altina-alindi-18891874-haberi\/\" target=\"_blank\" class=\"feedzy-rss-link-icon\">Read More<\/a><\/p>","protected":false},"excerpt":{"rendered":"<p>K\u0131rklareli&#8217;nin \u00c7e\u015fmek\u00f6y k\u00f6y\u00fcnde bu\u011fday tarlas\u0131nda \u00e7\u0131kan yang\u0131n, ormanl\u0131k alana s\u0131\u00e7rad\u0131. \u0130tfaiye ve Orman \u0130\u015fletme M\u00fcd\u00fcrl\u00fc\u011f\u00fc ekipleri, yang\u0131n\u0131 b\u00fcy\u00fcmeden kontrol alt\u0131na ald\u0131. K\u0131rklareli Valisi U\u011fur Turan olay yerine giderek bilgi ald\u0131.&hellip;<\/p>\n","protected":false},"author":0,"featured_media":219572,"comment_status":"open","ping_status":"open","sticky":false,"template":"","format":"standard","meta":{"footnotes":""},"categories":[4200],"tags":[],"class_list":["post-219571","post","type-post","status-publish","format-standard","has-post-thumbnail","hentry","category-guncel-haberler"],"_links":{"self":[{"href":"https:\/\/tarimhaber.com\/index.php?rest_route=\/wp\/v2\/posts\/219571","targetHints":{"allow":["GET"]}}],"collection":[{"href":"https:\/\/tarimhaber.com\/index.php?rest_route=\/wp\/v2\/posts"}],"about":[{"href":"https:\/\/tarimhaber.com\/index.php?rest_route=\/wp\/v2\/types\/post"}],"replies":[{"embeddable":true,"href":"https:\/\/tarimhaber.com\/index.php?rest_route=%2Fwp%2Fv2%2Fcomments&post=219571"}],"version-history":[{"count":0,"href":"https:\/\/tarimhaber.com\/index.php?rest_route=\/wp\/v2\/posts\/219571\/revisions"}],"wp:featuredmedia":[{"embeddable":true,"href":"https:\/\/tarimhaber.com\/index.php?rest_route=\/wp\/v2\/media\/219572"}],"wp:attachment":[{"href":"https:\/\/tarimhaber.com\/index.php?rest_route=%2Fwp%2Fv2%2Fmedia&parent=219571"}],"wp:term":[{"taxonomy":"category","embeddable":true,"href":"https:\/\/tarimhaber.com\/index.php?rest_route=%2Fwp%2Fv2%2Fcategories&post=219571"},{"taxonomy":"post_tag","embeddable":true,"href":"https:\/\/tarimhaber.com\/index.php?rest_route=%2Fwp%2Fv2%2Ftags&post=219571"}],"curies":[{"name":"wp","href":"https:\/\/api.w.org\/{rel}","templated":true}]}}