{"id":219676,"date":"2025-07-29T00:27:18","date_gmt":"2025-07-29T00:27:18","guid":{"rendered":"https:\/\/tarimhaber.com\/?p=219676"},"modified":"2025-07-29T00:27:18","modified_gmt":"2025-07-29T00:27:18","slug":"ak-parti-kadin-kollari-baskani-ercan-geyvedeki-yangin-magdurlariyla-bir-araya-geldi","status":"publish","type":"post","link":"https:\/\/tarimhaber.com\/?p=219676","title":{"rendered":"AK Parti Kad\u0131n Kollar\u0131 Ba\u015fkan\u0131 Ercan, Geyve&apos;deki Yang\u0131n Ma\u011fdurlar\u0131yla Bir Araya Geldi"},"content":{"rendered":"<p>AK Parti Genel Merkez Kad\u0131n Kollar\u0131 Ba\u015fkan\u0131 Tu\u011fba I\u015f\u0131k Ercan, yang\u0131ndan zarar g\u00f6ren Geyve il\u00e7esindeki mahalleleri ziyaret ederek, ma\u011fdur ailelere ge\u00e7mi\u015f olsun dileklerini iletti. Ercan, yang\u0131ndan etkilenen k\u00f6yl\u00fclerin zararlar\u0131n\u0131 telafi etmek i\u00e7in devletin gerekli yard\u0131mlar\u0131 yapaca\u011f\u0131n\u0131 belirtti. AK Parti Sakarya Milletvekili Murat Kaya da devletin yang\u0131nla ilgili olan m\u00fccadelelerini vurgulad\u0131 ve can kayb\u0131 olmad\u0131\u011f\u0131 i\u00e7in sevindiklerini ifade etti.<\/p>\n<p>Kaynak: <a href=\"https:\/\/www.haberler.com\/guncel\/ak-parti-kadin-kollari-baskani-ercan-dan-sakarya-18893472-haberi\/\" target=\"_blank\" class=\"feedzy-rss-link-icon\">Read More<\/a><\/p>","protected":false},"excerpt":{"rendered":"<p>AK Parti Genel Merkez Kad\u0131n Kollar\u0131 Ba\u015fkan\u0131 Tu\u011fba I\u015f\u0131k Ercan, yang\u0131ndan zarar g\u00f6ren Geyve il\u00e7esindeki mahalleleri ziyaret ederek, ma\u011fdur ailelere ge\u00e7mi\u015f olsun dileklerini iletti. Ercan, yang\u0131ndan etkilenen k\u00f6yl\u00fclerin zararlar\u0131n\u0131 telafi&hellip;<\/p>\n","protected":false},"author":0,"featured_media":219677,"comment_status":"open","ping_status":"open","sticky":false,"template":"","format":"standard","meta":{"footnotes":""},"categories":[4200],"tags":[],"class_list":["post-219676","post","type-post","status-publish","format-standard","has-post-thumbnail","hentry","category-guncel-haberler"],"_links":{"self":[{"href":"https:\/\/tarimhaber.com\/index.php?rest_route=\/wp\/v2\/posts\/219676","targetHints":{"allow":["GET"]}}],"collection":[{"href":"https:\/\/tarimhaber.com\/index.php?rest_route=\/wp\/v2\/posts"}],"about":[{"href":"https:\/\/tarimhaber.com\/index.php?rest_route=\/wp\/v2\/types\/post"}],"replies":[{"embeddable":true,"href":"https:\/\/tarimhaber.com\/index.php?rest_route=%2Fwp%2Fv2%2Fcomments&post=219676"}],"version-history":[{"count":0,"href":"https:\/\/tarimhaber.com\/index.php?rest_route=\/wp\/v2\/posts\/219676\/revisions"}],"wp:featuredmedia":[{"embeddable":true,"href":"https:\/\/tarimhaber.com\/index.php?rest_route=\/wp\/v2\/media\/219677"}],"wp:attachment":[{"href":"https:\/\/tarimhaber.com\/index.php?rest_route=%2Fwp%2Fv2%2Fmedia&parent=219676"}],"wp:term":[{"taxonomy":"category","embeddable":true,"href":"https:\/\/tarimhaber.com\/index.php?rest_route=%2Fwp%2Fv2%2Fcategories&post=219676"},{"taxonomy":"post_tag","embeddable":true,"href":"https:\/\/tarimhaber.com\/index.php?rest_route=%2Fwp%2Fv2%2Ftags&post=219676"}],"curies":[{"name":"wp","href":"https:\/\/api.w.org\/{rel}","templated":true}]}}