{"id":219678,"date":"2025-07-29T00:27:18","date_gmt":"2025-07-29T00:27:18","guid":{"rendered":"https:\/\/tarimhaber.com\/?p=219678"},"modified":"2025-07-29T00:27:18","modified_gmt":"2025-07-29T00:27:18","slug":"aniz-yangini-sebebiyle-55-yasindaki-adam-hayatini-kaybetti","status":"publish","type":"post","link":"https:\/\/tarimhaber.com\/?p=219678","title":{"rendered":"An\u0131z Yang\u0131n\u0131 Sebebiyle 55 Ya\u015f\u0131ndaki Adam Hayat\u0131n\u0131 Kaybetti"},"content":{"rendered":"<p>\u00c7orum&#8217;un Ortak\u00f6y il\u00e7esinde an\u0131z yang\u0131n\u0131 s\u0131ras\u0131nda kalan 55 ya\u015f\u0131ndaki Mehmet Civan hayat\u0131n\u0131 kaybetti. Yang\u0131n, temizleme amac\u0131yla ba\u015flatt\u0131\u011f\u0131 ate\u015fin kontrolden \u00e7\u0131kmas\u0131 sonucu geni\u015f bir alana yay\u0131ld\u0131.<\/p>\n<p>Kaynak: <a href=\"https:\/\/www.haberler.com\/guncel\/aniz-yangini-sebebiyle-55-yasindaki-adam-hayatini-kaybetti-18893471-haberi\/\" target=\"_blank\" class=\"feedzy-rss-link-icon\">Read More<\/a><\/p>","protected":false},"excerpt":{"rendered":"<p>\u00c7orum&#8217;un Ortak\u00f6y il\u00e7esinde an\u0131z yang\u0131n\u0131 s\u0131ras\u0131nda kalan 55 ya\u015f\u0131ndaki Mehmet Civan hayat\u0131n\u0131 kaybetti. Yang\u0131n, temizleme amac\u0131yla ba\u015flatt\u0131\u011f\u0131 ate\u015fin kontrolden \u00e7\u0131kmas\u0131 sonucu geni\u015f bir alana yay\u0131ld\u0131. Kaynak: Read More<\/p>\n","protected":false},"author":0,"featured_media":219679,"comment_status":"open","ping_status":"open","sticky":false,"template":"","format":"standard","meta":{"footnotes":""},"categories":[4200],"tags":[],"class_list":["post-219678","post","type-post","status-publish","format-standard","has-post-thumbnail","hentry","category-guncel-haberler"],"_links":{"self":[{"href":"https:\/\/tarimhaber.com\/index.php?rest_route=\/wp\/v2\/posts\/219678","targetHints":{"allow":["GET"]}}],"collection":[{"href":"https:\/\/tarimhaber.com\/index.php?rest_route=\/wp\/v2\/posts"}],"about":[{"href":"https:\/\/tarimhaber.com\/index.php?rest_route=\/wp\/v2\/types\/post"}],"replies":[{"embeddable":true,"href":"https:\/\/tarimhaber.com\/index.php?rest_route=%2Fwp%2Fv2%2Fcomments&post=219678"}],"version-history":[{"count":0,"href":"https:\/\/tarimhaber.com\/index.php?rest_route=\/wp\/v2\/posts\/219678\/revisions"}],"wp:featuredmedia":[{"embeddable":true,"href":"https:\/\/tarimhaber.com\/index.php?rest_route=\/wp\/v2\/media\/219679"}],"wp:attachment":[{"href":"https:\/\/tarimhaber.com\/index.php?rest_route=%2Fwp%2Fv2%2Fmedia&parent=219678"}],"wp:term":[{"taxonomy":"category","embeddable":true,"href":"https:\/\/tarimhaber.com\/index.php?rest_route=%2Fwp%2Fv2%2Fcategories&post=219678"},{"taxonomy":"post_tag","embeddable":true,"href":"https:\/\/tarimhaber.com\/index.php?rest_route=%2Fwp%2Fv2%2Ftags&post=219678"}],"curies":[{"name":"wp","href":"https:\/\/api.w.org\/{rel}","templated":true}]}}