{"id":219680,"date":"2025-07-29T00:27:19","date_gmt":"2025-07-29T00:27:19","guid":{"rendered":"https:\/\/tarimhaber.com\/?p=219680"},"modified":"2025-07-29T00:27:19","modified_gmt":"2025-07-29T00:27:19","slug":"orman-yanginlari-kontrol-altina-alindi-6","status":"publish","type":"post","link":"https:\/\/tarimhaber.com\/?p=219680","title":{"rendered":"Orman Yang\u0131nlar\u0131 Kontrol Alt\u0131na Al\u0131nd\u0131"},"content":{"rendered":"<p>Tar\u0131m ve Orman Bakan\u0131 \u0130brahim Yumakl\u0131, U\u015fak, Kahramanmara\u015f ve \u0130zmir&#8217;de \u00e7\u0131kan orman yang\u0131nlar\u0131n\u0131n tamamen kontrol alt\u0131na al\u0131nd\u0131\u011f\u0131n\u0131 duyurdu. Yang\u0131nlara kar\u015f\u0131 m\u00fccadele aral\u0131ks\u0131z devam edecek.<\/p>\n<p>Kaynak: <a href=\"https:\/\/www.haberler.com\/guncel\/orman-yanginlari-kontrol-altina-alindi-18893440-haberi\/\" target=\"_blank\" class=\"feedzy-rss-link-icon\">Read More<\/a><\/p>","protected":false},"excerpt":{"rendered":"<p>Tar\u0131m ve Orman Bakan\u0131 \u0130brahim Yumakl\u0131, U\u015fak, Kahramanmara\u015f ve \u0130zmir&#8217;de \u00e7\u0131kan orman yang\u0131nlar\u0131n\u0131n tamamen kontrol alt\u0131na al\u0131nd\u0131\u011f\u0131n\u0131 duyurdu. Yang\u0131nlara kar\u015f\u0131 m\u00fccadele aral\u0131ks\u0131z devam edecek. Kaynak: Read More<\/p>\n","protected":false},"author":0,"featured_media":0,"comment_status":"open","ping_status":"open","sticky":false,"template":"","format":"standard","meta":{"footnotes":""},"categories":[4200],"tags":[],"class_list":["post-219680","post","type-post","status-publish","format-standard","hentry","category-guncel-haberler"],"_links":{"self":[{"href":"https:\/\/tarimhaber.com\/index.php?rest_route=\/wp\/v2\/posts\/219680","targetHints":{"allow":["GET"]}}],"collection":[{"href":"https:\/\/tarimhaber.com\/index.php?rest_route=\/wp\/v2\/posts"}],"about":[{"href":"https:\/\/tarimhaber.com\/index.php?rest_route=\/wp\/v2\/types\/post"}],"replies":[{"embeddable":true,"href":"https:\/\/tarimhaber.com\/index.php?rest_route=%2Fwp%2Fv2%2Fcomments&post=219680"}],"version-history":[{"count":0,"href":"https:\/\/tarimhaber.com\/index.php?rest_route=\/wp\/v2\/posts\/219680\/revisions"}],"wp:attachment":[{"href":"https:\/\/tarimhaber.com\/index.php?rest_route=%2Fwp%2Fv2%2Fmedia&parent=219680"}],"wp:term":[{"taxonomy":"category","embeddable":true,"href":"https:\/\/tarimhaber.com\/index.php?rest_route=%2Fwp%2Fv2%2Fcategories&post=219680"},{"taxonomy":"post_tag","embeddable":true,"href":"https:\/\/tarimhaber.com\/index.php?rest_route=%2Fwp%2Fv2%2Ftags&post=219680"}],"curies":[{"name":"wp","href":"https:\/\/api.w.org\/{rel}","templated":true}]}}