{"id":219764,"date":"2025-07-29T09:28:31","date_gmt":"2025-07-29T09:28:31","guid":{"rendered":"https:\/\/tarimhaber.com\/?p=219764"},"modified":"2025-07-29T09:28:31","modified_gmt":"2025-07-29T09:28:31","slug":"manisada-sofralik-uzum-kesim-ve-ihracat-tarihleri-aciklandi","status":"publish","type":"post","link":"https:\/\/tarimhaber.com\/?p=219764","title":{"rendered":"Manisa&apos;da Sofral\u0131k \u00dcz\u00fcm Kesim ve \u0130hracat Tarihleri A\u00e7\u0131kland\u0131"},"content":{"rendered":"<p>Manisa \u0130l Tar\u0131m ve Orman M\u00fcd\u00fcr\u00fc Metin \u00d6zt\u00fcrk, Sultani \u00c7ekirdeksiz ve Mevlana (Razaki) \u00fcz\u00fcm \u00e7e\u015fitlerinin kesim ve ihracat tarihlerini duyurdu. Sultani \u00c7ekirdeksiz \u00dcz\u00fcm\u00fcn kesimi 3 A\u011fustos&#8217;ta, ihracat\u0131 ise 4 A\u011fustos&#8217;ta ba\u015flayacak. Mevlana \u00fcz\u00fcm\u00fcn\u00fcn kesimi 14 A\u011fustos, ihracat\u0131 ise 15 A\u011fustos&#8217;ta olacak. Manisa&#8217;n\u0131n ba\u011fc\u0131l\u0131k potansiyeli ve ihracat geliri hakk\u0131nda bilgi verildi.<\/p>\n<p>Kaynak: <a href=\"https:\/\/www.haberler.com\/ekonomi\/manisa-da-sofralik-uzum-kesim-ve-ihracat-tarihleri-aciklandi-18894818-haberi\/\" target=\"_blank\" class=\"feedzy-rss-link-icon\">Read More<\/a><\/p>","protected":false},"excerpt":{"rendered":"<p>Manisa \u0130l Tar\u0131m ve Orman M\u00fcd\u00fcr\u00fc Metin \u00d6zt\u00fcrk, Sultani \u00c7ekirdeksiz ve Mevlana (Razaki) \u00fcz\u00fcm \u00e7e\u015fitlerinin kesim ve ihracat tarihlerini duyurdu. Sultani \u00c7ekirdeksiz \u00dcz\u00fcm\u00fcn kesimi 3 A\u011fustos&#8217;ta, ihracat\u0131 ise 4 A\u011fustos&#8217;ta&hellip;<\/p>\n","protected":false},"author":0,"featured_media":219765,"comment_status":"open","ping_status":"open","sticky":false,"template":"","format":"standard","meta":{"footnotes":""},"categories":[4200],"tags":[],"class_list":["post-219764","post","type-post","status-publish","format-standard","has-post-thumbnail","hentry","category-guncel-haberler"],"_links":{"self":[{"href":"https:\/\/tarimhaber.com\/index.php?rest_route=\/wp\/v2\/posts\/219764","targetHints":{"allow":["GET"]}}],"collection":[{"href":"https:\/\/tarimhaber.com\/index.php?rest_route=\/wp\/v2\/posts"}],"about":[{"href":"https:\/\/tarimhaber.com\/index.php?rest_route=\/wp\/v2\/types\/post"}],"replies":[{"embeddable":true,"href":"https:\/\/tarimhaber.com\/index.php?rest_route=%2Fwp%2Fv2%2Fcomments&post=219764"}],"version-history":[{"count":0,"href":"https:\/\/tarimhaber.com\/index.php?rest_route=\/wp\/v2\/posts\/219764\/revisions"}],"wp:featuredmedia":[{"embeddable":true,"href":"https:\/\/tarimhaber.com\/index.php?rest_route=\/wp\/v2\/media\/219765"}],"wp:attachment":[{"href":"https:\/\/tarimhaber.com\/index.php?rest_route=%2Fwp%2Fv2%2Fmedia&parent=219764"}],"wp:term":[{"taxonomy":"category","embeddable":true,"href":"https:\/\/tarimhaber.com\/index.php?rest_route=%2Fwp%2Fv2%2Fcategories&post=219764"},{"taxonomy":"post_tag","embeddable":true,"href":"https:\/\/tarimhaber.com\/index.php?rest_route=%2Fwp%2Fv2%2Ftags&post=219764"}],"curies":[{"name":"wp","href":"https:\/\/api.w.org\/{rel}","templated":true}]}}