{"id":2204,"date":"2010-09-27T14:51:08","date_gmt":"2010-09-27T14:51:08","guid":{"rendered":"http:\/\/tarimhaber.com\/?p=2204"},"modified":"2010-09-27T14:51:08","modified_gmt":"2010-09-27T14:51:08","slug":"turkiye-daha-pahali-et-ithal-edecek","status":"publish","type":"post","link":"https:\/\/tarimhaber.com\/?p=2204","title":{"rendered":"T\u00fcrkiye daha pahal\u0131 et ithal edecek"},"content":{"rendered":"<p>Et ve Bal\u0131k Kurumu`nun (EBK) kasapl\u0131k hayvan ithalat\u0131 i\u00e7in a\u00e7t\u0131\u011f\u0131 ihalelere kat\u0131lan Alt\u0131nstern firmas\u0131n\u0131n temsilcisi ve T\u00fcrkiye Y\u00fcksek Ziraat M\u00fchendisleri Birli\u011fi Vakf\u0131 eski ba\u015fkan\u0131 Halil Bilici, \u201cT\u00fcrkiye`nin et ithalat\u0131na karar vermesinden sonra, AB`nin, ge\u00e7en hafta Cuma g\u00fcn\u00fc, et ihracat\u0131ndaki s\u00fcbvansiyonunu yar\u0131 yar\u0131ya d\u00fc\u015f\u00fcrd\u00fc\u011f\u00fcn\u00fc\u201d bildirdi. Bunun da ton ba\u015f\u0131na maliyeti 50 dolar olacak. Bilici, ihale sonras\u0131 yapt\u0131\u011f\u0131 a\u00e7\u0131klamada, T\u00fcrkiye`ye et ithalat\u0131 i\u00e7in izin verildi\u011fini ve ithalat\u0131n AB`den yap\u0131laca\u011f\u0131n\u0131 belirterek, karkas et ithalat\u0131nda sa\u011fl\u0131k a\u00e7\u0131s\u0131ndan herhangi bir risk bulunmad\u0131\u011f\u0131n\u0131 vurgulad\u0131. Veteriner denetiminde kesilen hayvan\u0131n beyninden al\u0131nan par\u00e7alarda BSE (deli dana) analizi yap\u0131ld\u0131\u011f\u0131n\u0131 ve hastal\u0131k olmamas\u0131 halinde ihracat\u0131na izin verildi\u011fini anlatan Bilici, karkas et ithalat\u0131 ile herhangi bir hastal\u0131k bula\u015fmas\u0131n\u0131n s\u00f6z konusu olmayaca\u011f\u0131n\u0131 kaydetti.<\/p>\n","protected":false},"excerpt":{"rendered":"<p>Et ve Bal\u0131k Kurumu`nun (EBK) kasapl\u0131k hayvan ithalat\u0131 i\u00e7in a\u00e7t\u0131\u011f\u0131 ihalelere kat\u0131lan Alt\u0131nstern firmas\u0131n\u0131n temsilcisi ve T\u00fcrkiye Y\u00fcksek Ziraat M\u00fchendisleri Birli\u011fi Vakf\u0131 eski ba\u015fkan\u0131 Halil Bilici, \u201cT\u00fcrkiye`nin et ithalat\u0131na karar&hellip;<\/p>\n","protected":false},"author":1,"featured_media":2205,"comment_status":"open","ping_status":"open","sticky":false,"template":"","format":"standard","meta":{"footnotes":""},"categories":[2],"tags":[2330],"class_list":["post-2204","post","type-post","status-publish","format-standard","has-post-thumbnail","hentry","category-tarimgentr","tag-http-www-hurriyet-com-tr-ekonomi-15879939-asp"],"_links":{"self":[{"href":"https:\/\/tarimhaber.com\/index.php?rest_route=\/wp\/v2\/posts\/2204","targetHints":{"allow":["GET"]}}],"collection":[{"href":"https:\/\/tarimhaber.com\/index.php?rest_route=\/wp\/v2\/posts"}],"about":[{"href":"https:\/\/tarimhaber.com\/index.php?rest_route=\/wp\/v2\/types\/post"}],"author":[{"embeddable":true,"href":"https:\/\/tarimhaber.com\/index.php?rest_route=\/wp\/v2\/users\/1"}],"replies":[{"embeddable":true,"href":"https:\/\/tarimhaber.com\/index.php?rest_route=%2Fwp%2Fv2%2Fcomments&post=2204"}],"version-history":[{"count":0,"href":"https:\/\/tarimhaber.com\/index.php?rest_route=\/wp\/v2\/posts\/2204\/revisions"}],"wp:featuredmedia":[{"embeddable":true,"href":"https:\/\/tarimhaber.com\/index.php?rest_route=\/"}],"wp:attachment":[{"href":"https:\/\/tarimhaber.com\/index.php?rest_route=%2Fwp%2Fv2%2Fmedia&parent=2204"}],"wp:term":[{"taxonomy":"category","embeddable":true,"href":"https:\/\/tarimhaber.com\/index.php?rest_route=%2Fwp%2Fv2%2Fcategories&post=2204"},{"taxonomy":"post_tag","embeddable":true,"href":"https:\/\/tarimhaber.com\/index.php?rest_route=%2Fwp%2Fv2%2Ftags&post=2204"}],"curies":[{"name":"wp","href":"https:\/\/api.w.org\/{rel}","templated":true}]}}