{"id":2247,"date":"2010-10-07T12:18:03","date_gmt":"2010-10-07T12:18:03","guid":{"rendered":"http:\/\/tarimhaber.com\/?p=2247"},"modified":"2010-10-07T12:18:03","modified_gmt":"2010-10-07T12:18:03","slug":"chp-bakan-ekeri-istifaya-cagirdi","status":"publish","type":"post","link":"https:\/\/tarimhaber.com\/?p=2247","title":{"rendered":"CHP, Bakan Eker`i istifaya \u00e7a\u011f\u0131rd\u0131"},"content":{"rendered":"<p>CHP Mersin Milletvekili Vahap Se\u00e7er, TBMM Genel Kurulu`nda, Tar\u0131m ve K\u00f6yi\u015fleri Bakan\u0131 Mehdi Eker`i istifaya \u00e7a\u011f\u0131rd\u0131. 07.10.2010 15:13 ANKARA (ANKA) &#8211; CHP &#8230;<\/p>\n","protected":false},"excerpt":{"rendered":"<p>CHP Mersin Milletvekili Vahap Se\u00e7er, TBMM Genel Kurulu`nda, Tar\u0131m ve K\u00f6yi\u015fleri Bakan\u0131 Mehdi Eker`i istifaya \u00e7a\u011f\u0131rd\u0131. 07.10.2010 15:13 ANKARA (ANKA) &#8211; CHP &#8230;<\/p>\n","protected":false},"author":1,"featured_media":0,"comment_status":"open","ping_status":"open","sticky":false,"template":"","format":"standard","meta":{"footnotes":""},"categories":[2],"tags":[56,76,2220,4166],"class_list":["post-2247","post","type-post","status-publish","format-standard","hentry","category-tarimgentr","tag-56","tag-133-aspx","tag-http-www-haberx-com-chp_bakan_ekeri_istifaya_cagirdi17","tag-n"],"_links":{"self":[{"href":"https:\/\/tarimhaber.com\/index.php?rest_route=\/wp\/v2\/posts\/2247","targetHints":{"allow":["GET"]}}],"collection":[{"href":"https:\/\/tarimhaber.com\/index.php?rest_route=\/wp\/v2\/posts"}],"about":[{"href":"https:\/\/tarimhaber.com\/index.php?rest_route=\/wp\/v2\/types\/post"}],"author":[{"embeddable":true,"href":"https:\/\/tarimhaber.com\/index.php?rest_route=\/wp\/v2\/users\/1"}],"replies":[{"embeddable":true,"href":"https:\/\/tarimhaber.com\/index.php?rest_route=%2Fwp%2Fv2%2Fcomments&post=2247"}],"version-history":[{"count":0,"href":"https:\/\/tarimhaber.com\/index.php?rest_route=\/wp\/v2\/posts\/2247\/revisions"}],"wp:attachment":[{"href":"https:\/\/tarimhaber.com\/index.php?rest_route=%2Fwp%2Fv2%2Fmedia&parent=2247"}],"wp:term":[{"taxonomy":"category","embeddable":true,"href":"https:\/\/tarimhaber.com\/index.php?rest_route=%2Fwp%2Fv2%2Fcategories&post=2247"},{"taxonomy":"post_tag","embeddable":true,"href":"https:\/\/tarimhaber.com\/index.php?rest_route=%2Fwp%2Fv2%2Ftags&post=2247"}],"curies":[{"name":"wp","href":"https:\/\/api.w.org\/{rel}","templated":true}]}}