{"id":2271,"date":"2010-10-15T11:35:33","date_gmt":"2010-10-15T11:35:33","guid":{"rendered":"http:\/\/tarimhaber.com\/?p=2271"},"modified":"2010-10-15T11:35:33","modified_gmt":"2010-10-15T11:35:33","slug":"tavuk-sektorune-kirmizi-et-indirimi","status":"publish","type":"post","link":"https:\/\/tarimhaber.com\/?p=2271","title":{"rendered":"Tavuk sekt\u00f6r\u00fcne k\u0131rm\u0131z\u0131 et indirimi"},"content":{"rendered":"<p>Son g\u00fcnlerde k\u0131rm\u0131z\u0131 et ithalat\u0131na ili\u015fkin haberlerin, tavuk etine olan talebi olumsuz etkiledi\u011fi ve sekt\u00f6r temsilcilerinin ya\u015fanan bu durgunlu\u011fu a\u015fmak i\u00e7in fiyat indirimi yapt\u0131\u011f\u0131 bildirildi. Beyza Pili\u00e7 Genel Koordinat\u00f6r\u00fc Necmettin \u00c7al\u0131\u015fkan, AA muhabirine yapt\u0131\u011f\u0131 a\u00e7\u0131klamada, T\u00fcrkiye`deki kanatl\u0131 eti \u00fcretiminin son 10 y\u0131lda 6,2 kat artt\u0131\u011f\u0131n\u0131 s\u00f6yledi. K\u0131rm\u0131z\u0131 et sekt\u00f6r\u00fcndeki ithalat haberleri, tavuk eti t\u00fcketiminde daralmaya neden oldu. Bu durgunlu\u011fu atlatmak i\u00e7in fiyatlarda indirime gitmek zorunda kald\u0131k. \u015eu anda sekt\u00f6rde y\u00fczde 20`ye yak\u0131n bir daralma var. T\u00fcm pili\u00e7 fiyat\u0131nda 25 kuru\u015f indirim yaparken, bu oran kanat ve benzer \u00fcr\u00fcnlerde 1 ve 1 liran\u0131n biraz \u00fczerinde oldu. Sekt\u00f6r\u00fcn bu s\u0131k\u0131nt\u0131l\u0131 d\u00f6nemi k\u0131sa s\u00fcrede a\u015faca\u011f\u0131na inan\u0131yoruz.<\/p>\n","protected":false},"excerpt":{"rendered":"<p>Son g\u00fcnlerde k\u0131rm\u0131z\u0131 et ithalat\u0131na ili\u015fkin haberlerin, tavuk etine olan talebi olumsuz etkiledi\u011fi ve sekt\u00f6r temsilcilerinin ya\u015fanan bu durgunlu\u011fu a\u015fmak i\u00e7in fiyat indirimi yapt\u0131\u011f\u0131 bildirildi. Beyza Pili\u00e7 Genel Koordinat\u00f6r\u00fc Necmettin&hellip;<\/p>\n","protected":false},"author":1,"featured_media":2272,"comment_status":"open","ping_status":"open","sticky":false,"template":"","format":"standard","meta":{"footnotes":""},"categories":[2],"tags":[408],"class_list":["post-2271","post","type-post","status-publish","format-standard","has-post-thumbnail","hentry","category-tarimgentr","tag-http-samanyoluhaber-com-h_461654_tavuk-sektorune-kirmizi-et-indirimi-html"],"_links":{"self":[{"href":"https:\/\/tarimhaber.com\/index.php?rest_route=\/wp\/v2\/posts\/2271","targetHints":{"allow":["GET"]}}],"collection":[{"href":"https:\/\/tarimhaber.com\/index.php?rest_route=\/wp\/v2\/posts"}],"about":[{"href":"https:\/\/tarimhaber.com\/index.php?rest_route=\/wp\/v2\/types\/post"}],"author":[{"embeddable":true,"href":"https:\/\/tarimhaber.com\/index.php?rest_route=\/wp\/v2\/users\/1"}],"replies":[{"embeddable":true,"href":"https:\/\/tarimhaber.com\/index.php?rest_route=%2Fwp%2Fv2%2Fcomments&post=2271"}],"version-history":[{"count":0,"href":"https:\/\/tarimhaber.com\/index.php?rest_route=\/wp\/v2\/posts\/2271\/revisions"}],"wp:featuredmedia":[{"embeddable":true,"href":"https:\/\/tarimhaber.com\/index.php?rest_route=\/wp\/v2\/media\/2272"}],"wp:attachment":[{"href":"https:\/\/tarimhaber.com\/index.php?rest_route=%2Fwp%2Fv2%2Fmedia&parent=2271"}],"wp:term":[{"taxonomy":"category","embeddable":true,"href":"https:\/\/tarimhaber.com\/index.php?rest_route=%2Fwp%2Fv2%2Fcategories&post=2271"},{"taxonomy":"post_tag","embeddable":true,"href":"https:\/\/tarimhaber.com\/index.php?rest_route=%2Fwp%2Fv2%2Ftags&post=2271"}],"curies":[{"name":"wp","href":"https:\/\/api.w.org\/{rel}","templated":true}]}}