{"id":2295,"date":"2010-10-21T11:08:13","date_gmt":"2010-10-21T11:08:13","guid":{"rendered":"http:\/\/tarimhaber.com\/?p=2295"},"modified":"2010-10-21T11:08:13","modified_gmt":"2010-10-21T11:08:13","slug":"web-tarim-tv-22-ekimde-aciliyor","status":"publish","type":"post","link":"https:\/\/tarimhaber.com\/?p=2295","title":{"rendered":"Web Tar\u0131m TV 22 Ekim`de A\u00e7\u0131l\u0131yor"},"content":{"rendered":"<p>Web Tar\u0131m Televizyonu a\u00e7\u0131l\u0131yor. \u00dclke tar\u0131m\u0131n\u0131 yeni bir vizyonla tan\u0131\u015ft\u0131rmay\u0131 ama\u00e7layan Tar\u0131m ve K\u00f6yi\u015fleri Bakanl\u0131\u011f\u0131 internet tabanl\u0131 tar\u0131m televizyonu projesini hayata ge\u00e7iriyor. Web Tar\u0131m Televizyonu, Tar\u0131m ve K\u00f6yi\u015fleri Bakan\u0131 Mehmet Mehdi EKER\u2019in kat\u0131l\u0131m\u0131yla 22 Ekim 2010 Cuma g\u00fcn\u00fc saat 10:30`da Ankara CER MODERN Sanat Galerisi\u2019nde d\u00fczenlenen tan\u0131t\u0131m t\u00f6reni ile yay\u0131n hayat\u0131na ba\u015flayacak.<\/p>\n","protected":false},"excerpt":{"rendered":"<p>Web Tar\u0131m Televizyonu a\u00e7\u0131l\u0131yor. \u00dclke tar\u0131m\u0131n\u0131 yeni bir vizyonla tan\u0131\u015ft\u0131rmay\u0131 ama\u00e7layan Tar\u0131m ve K\u00f6yi\u015fleri Bakanl\u0131\u011f\u0131 internet tabanl\u0131 tar\u0131m televizyonu projesini hayata ge\u00e7iriyor. Web Tar\u0131m Televizyonu, Tar\u0131m ve K\u00f6yi\u015fleri Bakan\u0131 Mehmet&hellip;<\/p>\n","protected":false},"author":1,"featured_media":0,"comment_status":"open","ping_status":"open","sticky":false,"template":"","format":"standard","meta":{"footnotes":""},"categories":[2],"tags":[437],"class_list":["post-2295","post","type-post","status-publish","format-standard","hentry","category-tarimgentr","tag-http-tarimyayin-gov-tr-default-asphid124"],"_links":{"self":[{"href":"https:\/\/tarimhaber.com\/index.php?rest_route=\/wp\/v2\/posts\/2295","targetHints":{"allow":["GET"]}}],"collection":[{"href":"https:\/\/tarimhaber.com\/index.php?rest_route=\/wp\/v2\/posts"}],"about":[{"href":"https:\/\/tarimhaber.com\/index.php?rest_route=\/wp\/v2\/types\/post"}],"author":[{"embeddable":true,"href":"https:\/\/tarimhaber.com\/index.php?rest_route=\/wp\/v2\/users\/1"}],"replies":[{"embeddable":true,"href":"https:\/\/tarimhaber.com\/index.php?rest_route=%2Fwp%2Fv2%2Fcomments&post=2295"}],"version-history":[{"count":0,"href":"https:\/\/tarimhaber.com\/index.php?rest_route=\/wp\/v2\/posts\/2295\/revisions"}],"wp:attachment":[{"href":"https:\/\/tarimhaber.com\/index.php?rest_route=%2Fwp%2Fv2%2Fmedia&parent=2295"}],"wp:term":[{"taxonomy":"category","embeddable":true,"href":"https:\/\/tarimhaber.com\/index.php?rest_route=%2Fwp%2Fv2%2Fcategories&post=2295"},{"taxonomy":"post_tag","embeddable":true,"href":"https:\/\/tarimhaber.com\/index.php?rest_route=%2Fwp%2Fv2%2Ftags&post=2295"}],"curies":[{"name":"wp","href":"https:\/\/api.w.org\/{rel}","templated":true}]}}