{"id":2296,"date":"2010-10-22T13:40:14","date_gmt":"2010-10-22T13:40:14","guid":{"rendered":"http:\/\/tarimhaber.com\/?p=2296"},"modified":"2010-10-22T13:40:14","modified_gmt":"2010-10-22T13:40:14","slug":"web-tarim-televizyonu-yayina-girdi","status":"publish","type":"post","link":"https:\/\/tarimhaber.com\/?p=2296","title":{"rendered":"Web tar\u0131m televizyonu yay\u0131na girdi"},"content":{"rendered":"<p>WEB Tar\u0131m Televizyonu Cer Modern Sanat Galerisi ve K\u00fclt\u00fcr Merkezi`nden d\u00fczenlenen t\u00f6renle bug\u00fcn yay\u0131n hayat\u0131na resmen ba\u015flad\u0131. \u0130lk canl\u0131 yay\u0131na Tar\u0131m ve K\u00f6yi\u015fleri Bakan\u0131 Mehdi Eker, sanal st\u00fcdyodan kat\u0131ld\u0131. Tar\u0131m ve K\u00f6yi\u015fleri Bakanl\u0131\u011f\u0131 b\u00fcnyesinde yay\u0131na ba\u015flayan Web Tar\u0131m Televizyonu`nun kamuoyu tan\u0131t\u0131m toplant\u0131s\u0131 ger\u00e7ekle\u015ftirildi. Toplant\u0131ya, Tar\u0131m ve K\u00f6yi\u015fleri Bakan\u0131 Mehdi Eker`in yan\u0131 s\u0131ra, TRT Genel M\u00fcd\u00fcr\u00fc \u0130brahim \u015eahin de kat\u0131ld\u0131. Bakan Eker, toplant\u0131n\u0131n ilk b\u00f6l\u00fcm\u00fcne, sanal st\u00fcdyodan canl\u0131 yay\u0131n ile kat\u0131ld\u0131. Burada yapt\u0131\u011f\u0131 konu\u015fmada, heyecan verici bir g\u00fcn ya\u015fand\u0131\u011f\u0131n\u0131 belirten Eker, Bu kadar geni\u015f kapsamda bir donan\u0131m ile st\u00fcdyo yay\u0131n\u0131ndan web televizyon uygulamas\u0131 ilk kez yap\u0131l\u0131yor. dedi.<\/p>\n","protected":false},"excerpt":{"rendered":"<p>WEB Tar\u0131m Televizyonu Cer Modern Sanat Galerisi ve K\u00fclt\u00fcr Merkezi`nden d\u00fczenlenen t\u00f6renle bug\u00fcn yay\u0131n hayat\u0131na resmen ba\u015flad\u0131. \u0130lk canl\u0131 yay\u0131na Tar\u0131m ve K\u00f6yi\u015fleri Bakan\u0131 Mehdi Eker, sanal st\u00fcdyodan kat\u0131ld\u0131. Tar\u0131m&hellip;<\/p>\n","protected":false},"author":1,"featured_media":0,"comment_status":"open","ping_status":"open","sticky":false,"template":"","format":"standard","meta":{"footnotes":""},"categories":[2],"tags":[3072],"class_list":["post-2296","post","type-post","status-publish","format-standard","hentry","category-tarimgentr","tag-http-www-samanyoluhaber-com-x1aac8pficoywekaaaamwvmody1mjmtzjg1mi00yjhjltlmzjetyzhkndmxnjexndrjf8dvklieivmxiyjspkhdswajecc1-s_464405_web-tarim-televizyonu-yayina-girdi-html"],"_links":{"self":[{"href":"https:\/\/tarimhaber.com\/index.php?rest_route=\/wp\/v2\/posts\/2296","targetHints":{"allow":["GET"]}}],"collection":[{"href":"https:\/\/tarimhaber.com\/index.php?rest_route=\/wp\/v2\/posts"}],"about":[{"href":"https:\/\/tarimhaber.com\/index.php?rest_route=\/wp\/v2\/types\/post"}],"author":[{"embeddable":true,"href":"https:\/\/tarimhaber.com\/index.php?rest_route=\/wp\/v2\/users\/1"}],"replies":[{"embeddable":true,"href":"https:\/\/tarimhaber.com\/index.php?rest_route=%2Fwp%2Fv2%2Fcomments&post=2296"}],"version-history":[{"count":0,"href":"https:\/\/tarimhaber.com\/index.php?rest_route=\/wp\/v2\/posts\/2296\/revisions"}],"wp:attachment":[{"href":"https:\/\/tarimhaber.com\/index.php?rest_route=%2Fwp%2Fv2%2Fmedia&parent=2296"}],"wp:term":[{"taxonomy":"category","embeddable":true,"href":"https:\/\/tarimhaber.com\/index.php?rest_route=%2Fwp%2Fv2%2Fcategories&post=2296"},{"taxonomy":"post_tag","embeddable":true,"href":"https:\/\/tarimhaber.com\/index.php?rest_route=%2Fwp%2Fv2%2Ftags&post=2296"}],"curies":[{"name":"wp","href":"https:\/\/api.w.org\/{rel}","templated":true}]}}