{"id":2300,"date":"2010-10-24T02:18:26","date_gmt":"2010-10-24T02:18:26","guid":{"rendered":"http:\/\/tarimhaber.com\/?p=2300"},"modified":"2010-10-24T02:18:26","modified_gmt":"2010-10-24T02:18:26","slug":"ayvalikta-zeytin-hasadi-basladi","status":"publish","type":"post","link":"https:\/\/tarimhaber.com\/?p=2300","title":{"rendered":"Ayval\u0131k`ta Zeytin Hasad\u0131 Ba\u015flad\u0131"},"content":{"rendered":"<p>Bal\u0131kesir`in Ayval\u0131k \u0130l\u00e7esinde D\u00fczenlenen 6. Zeytin Hasat G\u00fcnleri, Mutlu K\u00f6y\u00fcndeki Nostalji Bah\u00e7esi \u00c7iftli\u011fi`nde Sembolik Zeytin Hasad\u0131yla Ba\u015flad\u0131. Zeytin Hasad\u0131 G\u00fcnleri kapsam\u0131nda yap\u0131lan sembolik zeytin hasad\u0131nda klasik ve modern y\u00f6ntemlerle zeytin toplama g\u00f6sterildi. Zeytin toplamaya konuklar da e\u015flik etti. Konuklar, zeytin a\u011fa\u00e7lar\u0131n\u0131n alt\u0131nda zeytin ve zeytinya\u011flar\u0131n\u0131n tad\u0131na bakt\u0131. Zeytin bah\u00e7esinde kurulan sofralarda, Ege m\u00fcziklerinden \u00f6rnekler sunuldu\u011fu dinletiler e\u015fli\u011finde Ayval\u0131k`\u0131n ot ve deniz \u00fcr\u00fcnleriyle haz\u0131rlanan lezzetlerinden tatt\u0131lar sunuldu. Baz\u0131 kad\u0131nlar da zeytin dallar\u0131ndan ba\u015flar\u0131na ta\u00e7 yaparak, hat\u0131ra foto\u011fraflar\u0131 \u00e7ektirdiler.<\/p>\n","protected":false},"excerpt":{"rendered":"<p>Bal\u0131kesir`in Ayval\u0131k \u0130l\u00e7esinde D\u00fczenlenen 6. Zeytin Hasat G\u00fcnleri, Mutlu K\u00f6y\u00fcndeki Nostalji Bah\u00e7esi \u00c7iftli\u011fi`nde Sembolik Zeytin Hasad\u0131yla Ba\u015flad\u0131. Zeytin Hasad\u0131 G\u00fcnleri kapsam\u0131nda yap\u0131lan sembolik zeytin hasad\u0131nda klasik ve modern y\u00f6ntemlerle zeytin&hellip;<\/p>\n","protected":false},"author":1,"featured_media":2301,"comment_status":"open","ping_status":"open","sticky":false,"template":"","format":"standard","meta":{"footnotes":""},"categories":[2],"tags":[1364],"class_list":["post-2300","post","type-post","status-publish","format-standard","has-post-thumbnail","hentry","category-tarimgentr","tag-http-www-haberler-com-ayvalik-ta-zeytin-hasadi-basladi-2335182-haberi"],"_links":{"self":[{"href":"https:\/\/tarimhaber.com\/index.php?rest_route=\/wp\/v2\/posts\/2300","targetHints":{"allow":["GET"]}}],"collection":[{"href":"https:\/\/tarimhaber.com\/index.php?rest_route=\/wp\/v2\/posts"}],"about":[{"href":"https:\/\/tarimhaber.com\/index.php?rest_route=\/wp\/v2\/types\/post"}],"author":[{"embeddable":true,"href":"https:\/\/tarimhaber.com\/index.php?rest_route=\/wp\/v2\/users\/1"}],"replies":[{"embeddable":true,"href":"https:\/\/tarimhaber.com\/index.php?rest_route=%2Fwp%2Fv2%2Fcomments&post=2300"}],"version-history":[{"count":0,"href":"https:\/\/tarimhaber.com\/index.php?rest_route=\/wp\/v2\/posts\/2300\/revisions"}],"wp:featuredmedia":[{"embeddable":true,"href":"https:\/\/tarimhaber.com\/index.php?rest_route=\/wp\/v2\/media\/2301"}],"wp:attachment":[{"href":"https:\/\/tarimhaber.com\/index.php?rest_route=%2Fwp%2Fv2%2Fmedia&parent=2300"}],"wp:term":[{"taxonomy":"category","embeddable":true,"href":"https:\/\/tarimhaber.com\/index.php?rest_route=%2Fwp%2Fv2%2Fcategories&post=2300"},{"taxonomy":"post_tag","embeddable":true,"href":"https:\/\/tarimhaber.com\/index.php?rest_route=%2Fwp%2Fv2%2Ftags&post=2300"}],"curies":[{"name":"wp","href":"https:\/\/api.w.org\/{rel}","templated":true}]}}