{"id":2326,"date":"2010-11-01T09:31:10","date_gmt":"2010-11-01T09:31:10","guid":{"rendered":"http:\/\/tarimhaber.com\/?p=2326"},"modified":"2010-11-01T09:31:10","modified_gmt":"2010-11-01T09:31:10","slug":"unka-anadolu-gubrenin-demonstrasyonlari-devam-ediyor","status":"publish","type":"post","link":"https:\/\/tarimhaber.com\/?p=2326","title":{"rendered":"\u00dcnka Anadolu G\u00fcbre\u2019nin demonstrasyonlar\u0131 devam ediyor."},"content":{"rendered":"<p>\u00dcnka Anadolu G\u00fcbre\u2019nin demonstrasyonlar\u0131 devam ediyor. Merkezi Aksaray\u2019da bulunan Anadolu G\u00fcbre\u2019nin \u00fcretti\u011fi \u00fcr\u00fcnlerin demonstrasyonlar\u0131 \u00fclkenin \u00e7e\u015fitli yerlerinde ba\u015far\u0131yla s\u00fcrd\u00fcr\u00fcl\u00fcyor. Son yap\u0131lan demonstrasyon Bal\u0131kesir Burhaniye Hasan Peker isimli \u00e7ift\u00e7inin arazisinde ba\u015far\u0131yla tamamland\u0131. Sonu\u00e7tan \u00e7ok etkilendi\u011fini s\u00f6yleyen Peker; 1 d\u00f6n\u00fcm seramda dekara 200 kg Eko-G\u00fc\u00e7 kulland\u0131m. \u00c7ok memnun kald\u0131m. \u015eimdi 5 d\u00f6n\u00fcm seram var hepsinde kullanaca\u011f\u0131m. Eko-G\u00fc\u00e7 topra\u011f\u0131m\u0131 kabartt\u0131, k\u00f6kleri \u00e7o\u011faltt\u0131. Verimi art\u0131rd\u0131. Bu g\u00fcbreyi kullanmadan \u00f6nce g\u00fcnde 1 saat damlama yap\u0131yordum, \u015fimdi yar\u0131m saate d\u00fc\u015ft\u00fc. \u00d6nceden daha \u00e7ok kimyasal potas ve fosforlu g\u00fcbre kullan\u0131rd\u0131m, \u015fimdi daha az kulland\u0131m. \u00d6nce salatal\u0131k 60 g\u00fcn falan s\u00fcr\u00fcyordu bu sefer 75 g\u00fcn\u00fc buldu ve d\u00f6n\u00fcme \u00f6nceki toplad\u0131\u011f\u0131mdan 1.5 ton daha fazla mahs\u00fcl toplad\u0131m dedi. Demonstrasyonu kuran Anadolu G\u00fcbre teknik sorumlusu Mustafa Karl\u0131ba\u015f; bu t\u00fcr organik \u00fcr\u00fcnlerin \u00f6zellikle seralarda \u00e7ok g\u00fczel etkileri oldu\u011funu, su s\u0131k\u0131nt\u0131s\u0131 ya\u015fayan k\u0131rsal kesimlerde su tutma kapasitesinden dolay\u0131 ve kimyasal g\u00fcbreyi daha etkin hale getirdi\u011fi i\u00e7in ilgi g\u00f6rd\u00fc\u011f\u00fcn\u00fc s\u00f6yledi. Karl\u0131ba\u015f: su s\u0131k\u0131nt\u0131s\u0131 olan \u00f6zellikle zeytin \u00fcreticilerinin bu t\u00fcr \u00fcr\u00fcnleri bol miktarda kullanmas\u0131n\u0131n yararlar\u0131n\u0131 g\u00f6receklerini belirtti.<\/p>\n","protected":false},"excerpt":{"rendered":"<p>\u00dcnka Anadolu G\u00fcbre\u2019nin demonstrasyonlar\u0131 devam ediyor. Merkezi Aksaray\u2019da bulunan Anadolu G\u00fcbre\u2019nin \u00fcretti\u011fi \u00fcr\u00fcnlerin demonstrasyonlar\u0131 \u00fclkenin \u00e7e\u015fitli yerlerinde ba\u015far\u0131yla s\u00fcrd\u00fcr\u00fcl\u00fcyor. Son yap\u0131lan demonstrasyon Bal\u0131kesir Burhaniye Hasan Peker isimli \u00e7ift\u00e7inin arazisinde ba\u015far\u0131yla&hellip;<\/p>\n","protected":false},"author":1,"featured_media":2327,"comment_status":"open","ping_status":"open","sticky":false,"template":"","format":"standard","meta":{"footnotes":""},"categories":[2],"tags":[],"class_list":["post-2326","post","type-post","status-publish","format-standard","has-post-thumbnail","hentry","category-tarimgentr"],"_links":{"self":[{"href":"https:\/\/tarimhaber.com\/index.php?rest_route=\/wp\/v2\/posts\/2326","targetHints":{"allow":["GET"]}}],"collection":[{"href":"https:\/\/tarimhaber.com\/index.php?rest_route=\/wp\/v2\/posts"}],"about":[{"href":"https:\/\/tarimhaber.com\/index.php?rest_route=\/wp\/v2\/types\/post"}],"author":[{"embeddable":true,"href":"https:\/\/tarimhaber.com\/index.php?rest_route=\/wp\/v2\/users\/1"}],"replies":[{"embeddable":true,"href":"https:\/\/tarimhaber.com\/index.php?rest_route=%2Fwp%2Fv2%2Fcomments&post=2326"}],"version-history":[{"count":0,"href":"https:\/\/tarimhaber.com\/index.php?rest_route=\/wp\/v2\/posts\/2326\/revisions"}],"wp:featuredmedia":[{"embeddable":true,"href":"https:\/\/tarimhaber.com\/index.php?rest_route=\/wp\/v2\/media\/2327"}],"wp:attachment":[{"href":"https:\/\/tarimhaber.com\/index.php?rest_route=%2Fwp%2Fv2%2Fmedia&parent=2326"}],"wp:term":[{"taxonomy":"category","embeddable":true,"href":"https:\/\/tarimhaber.com\/index.php?rest_route=%2Fwp%2Fv2%2Fcategories&post=2326"},{"taxonomy":"post_tag","embeddable":true,"href":"https:\/\/tarimhaber.com\/index.php?rest_route=%2Fwp%2Fv2%2Ftags&post=2326"}],"curies":[{"name":"wp","href":"https:\/\/api.w.org\/{rel}","templated":true}]}}