{"id":2329,"date":"2010-11-01T11:41:39","date_gmt":"2010-11-01T11:41:39","guid":{"rendered":"http:\/\/tarimhaber.com\/?p=2329"},"modified":"2010-11-01T11:41:39","modified_gmt":"2010-11-01T11:41:39","slug":"tarimsal-yayim-ve-danismanlik-sinav-sonuclari-belli-oldu","status":"publish","type":"post","link":"https:\/\/tarimhaber.com\/?p=2329","title":{"rendered":"Tar\u0131msal yay\u0131m ve dan\u0131\u015fmanl\u0131k s\u0131nav sonu\u00e7lar\u0131 belli oldu"},"content":{"rendered":"<p>24 Ekim 2010 tarihinde Ankara`da yap\u0131lan Tar\u0131msal Yay\u0131m ve dan\u0131\u015fmanl\u0131k s\u0131nav\u0131 sonu\u00e7lar\u0131 belli oldu. Sonu\u00e7lar i\u00e7in http:\/\/sinav.utem.gov.tr\/# linkini t\u0131klay\u0131nn\u0131z.<\/p>\n","protected":false},"excerpt":{"rendered":"<p>24 Ekim 2010 tarihinde Ankara`da yap\u0131lan Tar\u0131msal Yay\u0131m ve dan\u0131\u015fmanl\u0131k s\u0131nav\u0131 sonu\u00e7lar\u0131 belli oldu. Sonu\u00e7lar i\u00e7in http:\/\/sinav.utem.gov.tr\/# linkini t\u0131klay\u0131nn\u0131z.<\/p>\n","protected":false},"author":1,"featured_media":0,"comment_status":"open","ping_status":"open","sticky":false,"template":"","format":"standard","meta":{"footnotes":""},"categories":[2],"tags":[430],"class_list":["post-2329","post","type-post","status-publish","format-standard","hentry","category-tarimgentr","tag-http-sinav-utem-gov-tr"],"_links":{"self":[{"href":"https:\/\/tarimhaber.com\/index.php?rest_route=\/wp\/v2\/posts\/2329","targetHints":{"allow":["GET"]}}],"collection":[{"href":"https:\/\/tarimhaber.com\/index.php?rest_route=\/wp\/v2\/posts"}],"about":[{"href":"https:\/\/tarimhaber.com\/index.php?rest_route=\/wp\/v2\/types\/post"}],"author":[{"embeddable":true,"href":"https:\/\/tarimhaber.com\/index.php?rest_route=\/wp\/v2\/users\/1"}],"replies":[{"embeddable":true,"href":"https:\/\/tarimhaber.com\/index.php?rest_route=%2Fwp%2Fv2%2Fcomments&post=2329"}],"version-history":[{"count":0,"href":"https:\/\/tarimhaber.com\/index.php?rest_route=\/wp\/v2\/posts\/2329\/revisions"}],"wp:attachment":[{"href":"https:\/\/tarimhaber.com\/index.php?rest_route=%2Fwp%2Fv2%2Fmedia&parent=2329"}],"wp:term":[{"taxonomy":"category","embeddable":true,"href":"https:\/\/tarimhaber.com\/index.php?rest_route=%2Fwp%2Fv2%2Fcategories&post=2329"},{"taxonomy":"post_tag","embeddable":true,"href":"https:\/\/tarimhaber.com\/index.php?rest_route=%2Fwp%2Fv2%2Ftags&post=2329"}],"curies":[{"name":"wp","href":"https:\/\/api.w.org\/{rel}","templated":true}]}}