{"id":2570,"date":"2011-01-18T06:59:04","date_gmt":"2011-01-18T06:59:04","guid":{"rendered":"http:\/\/tarimhaber.com\/?p=2570"},"modified":"2011-01-18T06:59:04","modified_gmt":"2011-01-18T06:59:04","slug":"tarim-icin-buyuk-kayip","status":"publish","type":"post","link":"https:\/\/tarimhaber.com\/?p=2570","title":{"rendered":"Tar\u0131m i\u00e7in b\u00fcy\u00fck kay\u0131p"},"content":{"rendered":"<p>Edirne\u2019nin Pa\u015fa\u00e7ay\u0131r\u0131 mevkiinde bulunan Trakya Tar\u0131msal Ara\u015ft\u0131rma Enstit\u00fcs\u00fc\u2019ne ait 1. s\u0131n\u0131f tar\u0131m arazisinin TOK\u0130\u2019ye tahsis edilerek bu alana konut yap\u0131lmas\u0131 karar\u0131 b\u00fcy\u00fck tepkilere yol a\u00e7t\u0131. \u0130KK\u2019nin bas\u0131n a\u00e7\u0131klamas\u0131n\u0131 kamuoyuyla payla\u015fan Pekdemir, durumu 7 Ocak 2011\u2019de Belediye Ba\u015fkan\u0131\u2019n\u0131n yerel bas\u0131na yapt\u0131\u011f\u0131 a\u00e7\u0131klamayla \u00f6\u011frendiklerini s\u00f6yleyerek \u201cTOK\u0130 bunu yasal olarak yapacak ise daha \u00f6nce ayn\u0131 arazi hakk\u0131nda Edirne Belediyesi\u2019nin g\u00f6r\u00fc\u015f\u00fc, kar\u015f\u0131 duru\u015fu belli oldu\u011fu halde, meclis karar\u0131 alarak bunu onaylaman\u0131n gerek\u00e7esi nedir\u201d diye sordu<\/p>\n","protected":false},"excerpt":{"rendered":"<p>Edirne\u2019nin Pa\u015fa\u00e7ay\u0131r\u0131 mevkiinde bulunan Trakya Tar\u0131msal Ara\u015ft\u0131rma Enstit\u00fcs\u00fc\u2019ne ait 1. s\u0131n\u0131f tar\u0131m arazisinin TOK\u0130\u2019ye tahsis edilerek bu alana konut yap\u0131lmas\u0131 karar\u0131 b\u00fcy\u00fck tepkilere yol a\u00e7t\u0131. \u0130KK\u2019nin bas\u0131n a\u00e7\u0131klamas\u0131n\u0131 kamuoyuyla payla\u015fan&hellip;<\/p>\n","protected":false},"author":1,"featured_media":2571,"comment_status":"open","ping_status":"open","sticky":false,"template":"","format":"standard","meta":{"footnotes":""},"categories":[2],"tags":[2860],"class_list":["post-2570","post","type-post","status-publish","format-standard","has-post-thumbnail","hentry","category-tarimgentr","tag-http-www-patronlardunyasi-com-haber-tarim-icin-buyuk-kayip-97888"],"_links":{"self":[{"href":"https:\/\/tarimhaber.com\/index.php?rest_route=\/wp\/v2\/posts\/2570","targetHints":{"allow":["GET"]}}],"collection":[{"href":"https:\/\/tarimhaber.com\/index.php?rest_route=\/wp\/v2\/posts"}],"about":[{"href":"https:\/\/tarimhaber.com\/index.php?rest_route=\/wp\/v2\/types\/post"}],"author":[{"embeddable":true,"href":"https:\/\/tarimhaber.com\/index.php?rest_route=\/wp\/v2\/users\/1"}],"replies":[{"embeddable":true,"href":"https:\/\/tarimhaber.com\/index.php?rest_route=%2Fwp%2Fv2%2Fcomments&post=2570"}],"version-history":[{"count":0,"href":"https:\/\/tarimhaber.com\/index.php?rest_route=\/wp\/v2\/posts\/2570\/revisions"}],"wp:featuredmedia":[{"embeddable":true,"href":"https:\/\/tarimhaber.com\/index.php?rest_route=\/wp\/v2\/media\/2571"}],"wp:attachment":[{"href":"https:\/\/tarimhaber.com\/index.php?rest_route=%2Fwp%2Fv2%2Fmedia&parent=2570"}],"wp:term":[{"taxonomy":"category","embeddable":true,"href":"https:\/\/tarimhaber.com\/index.php?rest_route=%2Fwp%2Fv2%2Fcategories&post=2570"},{"taxonomy":"post_tag","embeddable":true,"href":"https:\/\/tarimhaber.com\/index.php?rest_route=%2Fwp%2Fv2%2Ftags&post=2570"}],"curies":[{"name":"wp","href":"https:\/\/api.w.org\/{rel}","templated":true}]}}