{"id":257165,"date":"2026-02-13T19:26:05","date_gmt":"2026-02-13T19:26:05","guid":{"rendered":"https:\/\/tarimhaber.com\/?p=257165"},"modified":"2026-02-13T19:26:05","modified_gmt":"2026-02-13T19:26:05","slug":"mugla-valiligi-milasta-zeytin-agaclarinin-kesildigi-iddiasi-uzerine-inceleme-baslatti","status":"publish","type":"post","link":"https:\/\/tarimhaber.com\/?p=257165","title":{"rendered":"Mu\u011fla Valili\u011fi, Milas&apos;ta zeytin a\u011fa\u00e7lar\u0131n\u0131n kesildi\u011fi iddias\u0131 \u00fczerine inceleme ba\u015flatt\u0131"},"content":{"rendered":"<p>Mu\u011fla Valili\u011fi, CHP Milas \u0130l\u00e7e Ba\u015fkan\u0131 Ahmet K\u0131lbey&#8217;e ait oldu\u011fu \u00f6ne s\u00fcr\u00fclen arazideki zeytin a\u011fa\u00e7lar\u0131n\u0131n kesilmesi \u00fczerine inceleme ba\u015flatt\u0131. Tar\u0131m ve Orman M\u00fcd\u00fcrl\u00fc\u011f\u00fc ekipleri alanda \u00e7al\u0131\u015fma yaparak durumu kay\u0131t alt\u0131na ald\u0131.<\/p>\n<p>Kaynak: <a href=\"https:\/\/www.haberler.com\/guncel\/zeytin-agaclarinin-kesilmesi-uzerine-mugla-valiligi-inceleme-baslatti-19565315-haberi\/\" target=\"_blank\" class=\"feedzy-rss-link-icon\">Read More<\/a><\/p>","protected":false},"excerpt":{"rendered":"<p>Mu\u011fla Valili\u011fi, CHP Milas \u0130l\u00e7e Ba\u015fkan\u0131 Ahmet K\u0131lbey&#8217;e ait oldu\u011fu \u00f6ne s\u00fcr\u00fclen arazideki zeytin a\u011fa\u00e7lar\u0131n\u0131n kesilmesi \u00fczerine inceleme ba\u015flatt\u0131. Tar\u0131m ve Orman M\u00fcd\u00fcrl\u00fc\u011f\u00fc ekipleri alanda \u00e7al\u0131\u015fma yaparak durumu kay\u0131t alt\u0131na&hellip;<\/p>\n","protected":false},"author":0,"featured_media":0,"comment_status":"open","ping_status":"open","sticky":false,"template":"","format":"standard","meta":{"footnotes":""},"categories":[4200],"tags":[],"class_list":["post-257165","post","type-post","status-publish","format-standard","hentry","category-guncel-haberler"],"_links":{"self":[{"href":"https:\/\/tarimhaber.com\/index.php?rest_route=\/wp\/v2\/posts\/257165","targetHints":{"allow":["GET"]}}],"collection":[{"href":"https:\/\/tarimhaber.com\/index.php?rest_route=\/wp\/v2\/posts"}],"about":[{"href":"https:\/\/tarimhaber.com\/index.php?rest_route=\/wp\/v2\/types\/post"}],"replies":[{"embeddable":true,"href":"https:\/\/tarimhaber.com\/index.php?rest_route=%2Fwp%2Fv2%2Fcomments&post=257165"}],"version-history":[{"count":0,"href":"https:\/\/tarimhaber.com\/index.php?rest_route=\/wp\/v2\/posts\/257165\/revisions"}],"wp:attachment":[{"href":"https:\/\/tarimhaber.com\/index.php?rest_route=%2Fwp%2Fv2%2Fmedia&parent=257165"}],"wp:term":[{"taxonomy":"category","embeddable":true,"href":"https:\/\/tarimhaber.com\/index.php?rest_route=%2Fwp%2Fv2%2Fcategories&post=257165"},{"taxonomy":"post_tag","embeddable":true,"href":"https:\/\/tarimhaber.com\/index.php?rest_route=%2Fwp%2Fv2%2Ftags&post=257165"}],"curies":[{"name":"wp","href":"https:\/\/api.w.org\/{rel}","templated":true}]}}