{"id":257246,"date":"2026-02-14T08:25:17","date_gmt":"2026-02-14T08:25:17","guid":{"rendered":"https:\/\/tarimhaber.com\/?p=257246"},"modified":"2026-02-14T08:25:17","modified_gmt":"2026-02-14T08:25:17","slug":"yunanistanda-ciftciler-atinadaki-parlamento-binasi-onunde-protesto-duzenledi","status":"publish","type":"post","link":"https:\/\/tarimhaber.com\/?p=257246","title":{"rendered":"Yunanistan&apos;da \u00c7ift\u00e7iler Atina&apos;daki Parlamento Binas\u0131 \u00d6n\u00fcnde Protesto D\u00fczenledi"},"content":{"rendered":"<p>Yunan \u00e7ift\u00e7iler, ba\u015fkent Atina&#8217;daki parlamentonun \u00f6n\u00fcnde trakt\u00f6rleriyle protesto d\u00fczenleyerek tar\u0131m politikalar\u0131n\u0131 ele\u015ftirdi. Protestoya \u00fclkenin d\u00f6rt bir yan\u0131ndan kat\u0131l\u0131m sa\u011fland\u0131.<\/p>\n<p>Kaynak: <a href=\"https:\/\/www.haberler.com\/guncel\/yunan-ciftciler-atina-da-protesto-duzenledi-19566107-haberi\/\" target=\"_blank\" class=\"feedzy-rss-link-icon\">Read More<\/a><\/p>","protected":false},"excerpt":{"rendered":"<p>Yunan \u00e7ift\u00e7iler, ba\u015fkent Atina&#8217;daki parlamentonun \u00f6n\u00fcnde trakt\u00f6rleriyle protesto d\u00fczenleyerek tar\u0131m politikalar\u0131n\u0131 ele\u015ftirdi. Protestoya \u00fclkenin d\u00f6rt bir yan\u0131ndan kat\u0131l\u0131m sa\u011fland\u0131. Kaynak: Read More<\/p>\n","protected":false},"author":0,"featured_media":0,"comment_status":"open","ping_status":"open","sticky":false,"template":"","format":"standard","meta":{"footnotes":""},"categories":[4200],"tags":[],"class_list":["post-257246","post","type-post","status-publish","format-standard","hentry","category-guncel-haberler"],"_links":{"self":[{"href":"https:\/\/tarimhaber.com\/index.php?rest_route=\/wp\/v2\/posts\/257246","targetHints":{"allow":["GET"]}}],"collection":[{"href":"https:\/\/tarimhaber.com\/index.php?rest_route=\/wp\/v2\/posts"}],"about":[{"href":"https:\/\/tarimhaber.com\/index.php?rest_route=\/wp\/v2\/types\/post"}],"replies":[{"embeddable":true,"href":"https:\/\/tarimhaber.com\/index.php?rest_route=%2Fwp%2Fv2%2Fcomments&post=257246"}],"version-history":[{"count":0,"href":"https:\/\/tarimhaber.com\/index.php?rest_route=\/wp\/v2\/posts\/257246\/revisions"}],"wp:attachment":[{"href":"https:\/\/tarimhaber.com\/index.php?rest_route=%2Fwp%2Fv2%2Fmedia&parent=257246"}],"wp:term":[{"taxonomy":"category","embeddable":true,"href":"https:\/\/tarimhaber.com\/index.php?rest_route=%2Fwp%2Fv2%2Fcategories&post=257246"},{"taxonomy":"post_tag","embeddable":true,"href":"https:\/\/tarimhaber.com\/index.php?rest_route=%2Fwp%2Fv2%2Ftags&post=257246"}],"curies":[{"name":"wp","href":"https:\/\/api.w.org\/{rel}","templated":true}]}}