{"id":257430,"date":"2026-02-15T09:26:30","date_gmt":"2026-02-15T09:26:30","guid":{"rendered":"http:\/\/tarimhaber.com\/?p=257430"},"modified":"2026-02-15T09:26:30","modified_gmt":"2026-02-15T09:26:30","slug":"adanada-sanayi-yatirimlarina-yonelik-dort-alan-destek-kapsamina-girdi","status":"publish","type":"post","link":"https:\/\/tarimhaber.com\/?p=257430","title":{"rendered":"Adana&apos;da sanayi yat\u0131r\u0131mlar\u0131na y\u00f6nelik d\u00f6rt alan destek kapsam\u0131na girdi"},"content":{"rendered":"<p>Adana Sanayi Odas\u0131 Ba\u015fkan\u0131 Zeki K\u0131van\u00e7, Adana&#8217;da sanayi yat\u0131r\u0131mlar\u0131na y\u00f6nelik d\u00f6rt alan\u0131n destek kapsam\u0131na al\u0131nmas\u0131n\u0131n mevcut sanayi altyap\u0131s\u0131n\u0131 g\u00fc\u00e7lendirece\u011fini ve teknoloji odakl\u0131 d\u00f6n\u00fc\u015f\u00fcm\u00fc h\u0131zland\u0131raca\u011f\u0131n\u0131 a\u00e7\u0131klad\u0131. Yeni d\u00fczenleme ile tar\u0131m, kimya ve g\u0131da sekt\u00f6rlerinde \u00f6nemli f\u0131rsatlar sunulacak.<\/p>\n<p>Kaynak: <a href=\"https:\/\/www.haberler.com\/ekonomi\/adana-da-sanayi-yatirimlarina-yeni-destekler-19569020-haberi\/\" target=\"_blank\" class=\"feedzy-rss-link-icon\">Read More<\/a><\/p>","protected":false},"excerpt":{"rendered":"<p>Adana Sanayi Odas\u0131 Ba\u015fkan\u0131 Zeki K\u0131van\u00e7, Adana&#8217;da sanayi yat\u0131r\u0131mlar\u0131na y\u00f6nelik d\u00f6rt alan\u0131n destek kapsam\u0131na al\u0131nmas\u0131n\u0131n mevcut sanayi altyap\u0131s\u0131n\u0131 g\u00fc\u00e7lendirece\u011fini ve teknoloji odakl\u0131 d\u00f6n\u00fc\u015f\u00fcm\u00fc h\u0131zland\u0131raca\u011f\u0131n\u0131 a\u00e7\u0131klad\u0131. Yeni d\u00fczenleme ile tar\u0131m, kimya&hellip;<\/p>\n","protected":false},"author":0,"featured_media":257431,"comment_status":"open","ping_status":"open","sticky":false,"template":"","format":"standard","meta":{"footnotes":""},"categories":[4200],"tags":[],"class_list":["post-257430","post","type-post","status-publish","format-standard","has-post-thumbnail","hentry","category-guncel-haberler"],"_links":{"self":[{"href":"https:\/\/tarimhaber.com\/index.php?rest_route=\/wp\/v2\/posts\/257430","targetHints":{"allow":["GET"]}}],"collection":[{"href":"https:\/\/tarimhaber.com\/index.php?rest_route=\/wp\/v2\/posts"}],"about":[{"href":"https:\/\/tarimhaber.com\/index.php?rest_route=\/wp\/v2\/types\/post"}],"replies":[{"embeddable":true,"href":"https:\/\/tarimhaber.com\/index.php?rest_route=%2Fwp%2Fv2%2Fcomments&post=257430"}],"version-history":[{"count":0,"href":"https:\/\/tarimhaber.com\/index.php?rest_route=\/wp\/v2\/posts\/257430\/revisions"}],"wp:featuredmedia":[{"embeddable":true,"href":"https:\/\/tarimhaber.com\/index.php?rest_route=\/wp\/v2\/media\/257431"}],"wp:attachment":[{"href":"https:\/\/tarimhaber.com\/index.php?rest_route=%2Fwp%2Fv2%2Fmedia&parent=257430"}],"wp:term":[{"taxonomy":"category","embeddable":true,"href":"https:\/\/tarimhaber.com\/index.php?rest_route=%2Fwp%2Fv2%2Fcategories&post=257430"},{"taxonomy":"post_tag","embeddable":true,"href":"https:\/\/tarimhaber.com\/index.php?rest_route=%2Fwp%2Fv2%2Ftags&post=257430"}],"curies":[{"name":"wp","href":"https:\/\/api.w.org\/{rel}","templated":true}]}}