{"id":257591,"date":"2026-02-16T11:25:35","date_gmt":"2026-02-16T11:25:35","guid":{"rendered":"https:\/\/tarimhaber.com\/?p=257591"},"modified":"2026-02-16T11:25:35","modified_gmt":"2026-02-16T11:25:35","slug":"gercus-kaymakami-muhammed-oztas-yilin-idarecisi-secildi","status":"publish","type":"post","link":"https:\/\/tarimhaber.com\/?p=257591","title":{"rendered":"Gerc\u00fc\u015f Kaymakam\u0131 Muhammed \u00d6zta\u015f y\u0131l\u0131n idarecisi se\u00e7ildi"},"content":{"rendered":"<p>Batman&#8217;\u0131n Gerc\u00fc\u015f il\u00e7esinde g\u00f6rev yapan Kaymakam Muhammed \u00d6zta\u015f, y\u00fcr\u00fctt\u00fc\u011f\u00fc ba\u015far\u0131l\u0131 projeler ve devlet-millet kayna\u015fmas\u0131na sa\u011flad\u0131\u011f\u0131 katk\u0131larla &#8216;Y\u0131l\u0131n \u0130darecisi&#8217; \u00f6d\u00fcl\u00fcn\u00fc kazand\u0131. \u00d6zta\u015f, e\u011fitim, tar\u0131m ve altyap\u0131 alanlar\u0131nda yapt\u0131\u011f\u0131 \u00e7al\u0131\u015fmalarla dikkat \u00e7ekti.<\/p>\n<p>Kaynak: <a href=\"https:\/\/www.haberler.com\/yerel\/kaymakam-muhammed-oztas-yilin-idarecisi-odulune-layik-goruldu-19572172-haberi\/\" target=\"_blank\" class=\"feedzy-rss-link-icon\">Read More<\/a><\/p>","protected":false},"excerpt":{"rendered":"<p>Batman&#8217;\u0131n Gerc\u00fc\u015f il\u00e7esinde g\u00f6rev yapan Kaymakam Muhammed \u00d6zta\u015f, y\u00fcr\u00fctt\u00fc\u011f\u00fc ba\u015far\u0131l\u0131 projeler ve devlet-millet kayna\u015fmas\u0131na sa\u011flad\u0131\u011f\u0131 katk\u0131larla &#8216;Y\u0131l\u0131n \u0130darecisi&#8217; \u00f6d\u00fcl\u00fcn\u00fc kazand\u0131. \u00d6zta\u015f, e\u011fitim, tar\u0131m ve altyap\u0131 alanlar\u0131nda yapt\u0131\u011f\u0131 \u00e7al\u0131\u015fmalarla dikkat \u00e7ekti.&hellip;<\/p>\n","protected":false},"author":0,"featured_media":257592,"comment_status":"open","ping_status":"open","sticky":false,"template":"","format":"standard","meta":{"footnotes":""},"categories":[4200],"tags":[],"class_list":["post-257591","post","type-post","status-publish","format-standard","has-post-thumbnail","hentry","category-guncel-haberler"],"_links":{"self":[{"href":"https:\/\/tarimhaber.com\/index.php?rest_route=\/wp\/v2\/posts\/257591","targetHints":{"allow":["GET"]}}],"collection":[{"href":"https:\/\/tarimhaber.com\/index.php?rest_route=\/wp\/v2\/posts"}],"about":[{"href":"https:\/\/tarimhaber.com\/index.php?rest_route=\/wp\/v2\/types\/post"}],"replies":[{"embeddable":true,"href":"https:\/\/tarimhaber.com\/index.php?rest_route=%2Fwp%2Fv2%2Fcomments&post=257591"}],"version-history":[{"count":0,"href":"https:\/\/tarimhaber.com\/index.php?rest_route=\/wp\/v2\/posts\/257591\/revisions"}],"wp:featuredmedia":[{"embeddable":true,"href":"https:\/\/tarimhaber.com\/index.php?rest_route=\/wp\/v2\/media\/257592"}],"wp:attachment":[{"href":"https:\/\/tarimhaber.com\/index.php?rest_route=%2Fwp%2Fv2%2Fmedia&parent=257591"}],"wp:term":[{"taxonomy":"category","embeddable":true,"href":"https:\/\/tarimhaber.com\/index.php?rest_route=%2Fwp%2Fv2%2Fcategories&post=257591"},{"taxonomy":"post_tag","embeddable":true,"href":"https:\/\/tarimhaber.com\/index.php?rest_route=%2Fwp%2Fv2%2Ftags&post=257591"}],"curies":[{"name":"wp","href":"https:\/\/api.w.org\/{rel}","templated":true}]}}