{"id":257720,"date":"2026-02-17T09:26:15","date_gmt":"2026-02-17T09:26:15","guid":{"rendered":"https:\/\/tarimhaber.com\/?p=257720"},"modified":"2026-02-17T09:26:15","modified_gmt":"2026-02-17T09:26:15","slug":"agrotechte-ust-duzey-atama","status":"publish","type":"post","link":"https:\/\/tarimhaber.com\/?p=257720","title":{"rendered":"Agrotech&apos;te \u00fcst d\u00fczey atama"},"content":{"rendered":"<p>Tar\u0131m ve teknoloji alan\u0131nda faaliyet g\u00f6steren Agrotech&#8217;te Genel M\u00fcd\u00fcrl\u00fck g\u00f6revine Serhan Nircan getirildi. Yenilik\u00e7i liderlik ve stratejik b\u00fcy\u00fcme hedefleri do\u011frultusunda \u015firketin d\u00f6n\u00fc\u015f\u00fcm\u00fcne katk\u0131da bulunmas\u0131 bekleniyor.<\/p>\n<p>Kaynak: <a href=\"https:\/\/www.haberler.com\/ekonomi\/agrotech-te-genel-mudurluk-gorevine-serhan-nircan-atandi-19575120-haberi\/\" target=\"_blank\" class=\"feedzy-rss-link-icon\">Read More<\/a><\/p>","protected":false},"excerpt":{"rendered":"<p>Tar\u0131m ve teknoloji alan\u0131nda faaliyet g\u00f6steren Agrotech&#8217;te Genel M\u00fcd\u00fcrl\u00fck g\u00f6revine Serhan Nircan getirildi. Yenilik\u00e7i liderlik ve stratejik b\u00fcy\u00fcme hedefleri do\u011frultusunda \u015firketin d\u00f6n\u00fc\u015f\u00fcm\u00fcne katk\u0131da bulunmas\u0131 bekleniyor. Kaynak: Read More<\/p>\n","protected":false},"author":0,"featured_media":257721,"comment_status":"open","ping_status":"open","sticky":false,"template":"","format":"standard","meta":{"footnotes":""},"categories":[4200],"tags":[],"class_list":["post-257720","post","type-post","status-publish","format-standard","has-post-thumbnail","hentry","category-guncel-haberler"],"_links":{"self":[{"href":"https:\/\/tarimhaber.com\/index.php?rest_route=\/wp\/v2\/posts\/257720","targetHints":{"allow":["GET"]}}],"collection":[{"href":"https:\/\/tarimhaber.com\/index.php?rest_route=\/wp\/v2\/posts"}],"about":[{"href":"https:\/\/tarimhaber.com\/index.php?rest_route=\/wp\/v2\/types\/post"}],"replies":[{"embeddable":true,"href":"https:\/\/tarimhaber.com\/index.php?rest_route=%2Fwp%2Fv2%2Fcomments&post=257720"}],"version-history":[{"count":0,"href":"https:\/\/tarimhaber.com\/index.php?rest_route=\/wp\/v2\/posts\/257720\/revisions"}],"wp:featuredmedia":[{"embeddable":true,"href":"https:\/\/tarimhaber.com\/index.php?rest_route=\/wp\/v2\/media\/257721"}],"wp:attachment":[{"href":"https:\/\/tarimhaber.com\/index.php?rest_route=%2Fwp%2Fv2%2Fmedia&parent=257720"}],"wp:term":[{"taxonomy":"category","embeddable":true,"href":"https:\/\/tarimhaber.com\/index.php?rest_route=%2Fwp%2Fv2%2Fcategories&post=257720"},{"taxonomy":"post_tag","embeddable":true,"href":"https:\/\/tarimhaber.com\/index.php?rest_route=%2Fwp%2Fv2%2Ftags&post=257720"}],"curies":[{"name":"wp","href":"https:\/\/api.w.org\/{rel}","templated":true}]}}