{"id":257742,"date":"2026-02-17T11:26:07","date_gmt":"2026-02-17T11:26:07","guid":{"rendered":"https:\/\/tarimhaber.com\/?p=257742"},"modified":"2026-02-17T11:26:07","modified_gmt":"2026-02-17T11:26:07","slug":"edirnede-ramazan-sofralari-mercek-altinda-fahis-fiyat-ve-hijyen-denetimleri-arttirildi","status":"publish","type":"post","link":"https:\/\/tarimhaber.com\/?p=257742","title":{"rendered":"Edirne&apos;de Ramazan sofralar\u0131 mercek alt\u0131nda: Fahi\u015f fiyat ve hijyen denetimleri artt\u0131r\u0131ld\u0131"},"content":{"rendered":"<p>Edirne Tar\u0131m ve Orman M\u00fcd\u00fcrl\u00fc\u011f\u00fc ile Ticaret \u0130l M\u00fcd\u00fcrl\u00fc\u011f\u00fc, Ramazan ay\u0131 boyunca g\u0131da denetimlerini art\u0131rarak vatanda\u015flar\u0131n sa\u011fl\u0131kl\u0131 ve g\u00fcvenilir g\u0131daya ula\u015f\u0131m\u0131n\u0131 sa\u011flamak amac\u0131yla kontroller ger\u00e7ekle\u015ftiriyor. \u0130\u015fletmelerin hijyen standartlar\u0131, \u00fcr\u00fcnlerin son kullanma tarihleri ve fiyat denetimleri titizlikle inceleniyor.<\/p>\n<p>Kaynak: <a href=\"https:\/\/www.haberler.com\/ekonomi\/edirne-de-ramazan-denetimleri-artarak-suruyor-19575713-haberi\/\" target=\"_blank\" class=\"feedzy-rss-link-icon\">Read More<\/a><\/p>","protected":false},"excerpt":{"rendered":"<p>Edirne Tar\u0131m ve Orman M\u00fcd\u00fcrl\u00fc\u011f\u00fc ile Ticaret \u0130l M\u00fcd\u00fcrl\u00fc\u011f\u00fc, Ramazan ay\u0131 boyunca g\u0131da denetimlerini art\u0131rarak vatanda\u015flar\u0131n sa\u011fl\u0131kl\u0131 ve g\u00fcvenilir g\u0131daya ula\u015f\u0131m\u0131n\u0131 sa\u011flamak amac\u0131yla kontroller ger\u00e7ekle\u015ftiriyor. \u0130\u015fletmelerin hijyen standartlar\u0131, \u00fcr\u00fcnlerin son&hellip;<\/p>\n","protected":false},"author":0,"featured_media":257743,"comment_status":"open","ping_status":"open","sticky":false,"template":"","format":"standard","meta":{"footnotes":""},"categories":[4200],"tags":[],"class_list":["post-257742","post","type-post","status-publish","format-standard","has-post-thumbnail","hentry","category-guncel-haberler"],"_links":{"self":[{"href":"https:\/\/tarimhaber.com\/index.php?rest_route=\/wp\/v2\/posts\/257742","targetHints":{"allow":["GET"]}}],"collection":[{"href":"https:\/\/tarimhaber.com\/index.php?rest_route=\/wp\/v2\/posts"}],"about":[{"href":"https:\/\/tarimhaber.com\/index.php?rest_route=\/wp\/v2\/types\/post"}],"replies":[{"embeddable":true,"href":"https:\/\/tarimhaber.com\/index.php?rest_route=%2Fwp%2Fv2%2Fcomments&post=257742"}],"version-history":[{"count":0,"href":"https:\/\/tarimhaber.com\/index.php?rest_route=\/wp\/v2\/posts\/257742\/revisions"}],"wp:featuredmedia":[{"embeddable":true,"href":"https:\/\/tarimhaber.com\/index.php?rest_route=\/wp\/v2\/media\/257743"}],"wp:attachment":[{"href":"https:\/\/tarimhaber.com\/index.php?rest_route=%2Fwp%2Fv2%2Fmedia&parent=257742"}],"wp:term":[{"taxonomy":"category","embeddable":true,"href":"https:\/\/tarimhaber.com\/index.php?rest_route=%2Fwp%2Fv2%2Fcategories&post=257742"},{"taxonomy":"post_tag","embeddable":true,"href":"https:\/\/tarimhaber.com\/index.php?rest_route=%2Fwp%2Fv2%2Ftags&post=257742"}],"curies":[{"name":"wp","href":"https:\/\/api.w.org\/{rel}","templated":true}]}}