{"id":257874,"date":"2026-02-18T09:26:06","date_gmt":"2026-02-18T09:26:06","guid":{"rendered":"https:\/\/tarimhaber.com\/?p=257874"},"modified":"2026-02-18T09:26:06","modified_gmt":"2026-02-18T09:26:06","slug":"edirneden-kisa-kisa-45","status":"publish","type":"post","link":"https:\/\/tarimhaber.com\/?p=257874","title":{"rendered":"Edirne&apos;den k\u0131sa k\u0131sa"},"content":{"rendered":"<p>Edirne Valisi Yunus Sezer&#8217;in kat\u0131l\u0131m\u0131yla d\u00fczenlenen Valiler Toplant\u0131s\u0131&#8217;nda kamu hizmetleri, g\u00fcvenlik ve koordinasyon konular\u0131 g\u00f6r\u00fc\u015f\u00fcld\u00fc. Ayr\u0131ca, Trakya \u00dcniversitesi&#8217;nde akreditasyon s\u00fcre\u00e7leri, tar\u0131m projeleri ve AFAD taraf\u0131ndan d\u00fczenlenen afet fark\u0131ndal\u0131k program\u0131 hakk\u0131nda bilgi verildi.<\/p>\n<p>Kaynak: <a href=\"https:\/\/www.haberler.com\/guncel\/edirne-de-valiler-toplantisi-ve-cesitli-projeler-uzerine-toplantilar-gerceklestirildi-19578847-haberi\/\" target=\"_blank\" class=\"feedzy-rss-link-icon\">Read More<\/a><\/p>","protected":false},"excerpt":{"rendered":"<p>Edirne Valisi Yunus Sezer&#8217;in kat\u0131l\u0131m\u0131yla d\u00fczenlenen Valiler Toplant\u0131s\u0131&#8217;nda kamu hizmetleri, g\u00fcvenlik ve koordinasyon konular\u0131 g\u00f6r\u00fc\u015f\u00fcld\u00fc. Ayr\u0131ca, Trakya \u00dcniversitesi&#8217;nde akreditasyon s\u00fcre\u00e7leri, tar\u0131m projeleri ve AFAD taraf\u0131ndan d\u00fczenlenen afet fark\u0131ndal\u0131k program\u0131 hakk\u0131nda&hellip;<\/p>\n","protected":false},"author":0,"featured_media":257875,"comment_status":"open","ping_status":"open","sticky":false,"template":"","format":"standard","meta":{"footnotes":""},"categories":[4200],"tags":[],"class_list":["post-257874","post","type-post","status-publish","format-standard","has-post-thumbnail","hentry","category-guncel-haberler"],"_links":{"self":[{"href":"https:\/\/tarimhaber.com\/index.php?rest_route=\/wp\/v2\/posts\/257874","targetHints":{"allow":["GET"]}}],"collection":[{"href":"https:\/\/tarimhaber.com\/index.php?rest_route=\/wp\/v2\/posts"}],"about":[{"href":"https:\/\/tarimhaber.com\/index.php?rest_route=\/wp\/v2\/types\/post"}],"replies":[{"embeddable":true,"href":"https:\/\/tarimhaber.com\/index.php?rest_route=%2Fwp%2Fv2%2Fcomments&post=257874"}],"version-history":[{"count":0,"href":"https:\/\/tarimhaber.com\/index.php?rest_route=\/wp\/v2\/posts\/257874\/revisions"}],"wp:featuredmedia":[{"embeddable":true,"href":"https:\/\/tarimhaber.com\/index.php?rest_route=\/wp\/v2\/media\/257875"}],"wp:attachment":[{"href":"https:\/\/tarimhaber.com\/index.php?rest_route=%2Fwp%2Fv2%2Fmedia&parent=257874"}],"wp:term":[{"taxonomy":"category","embeddable":true,"href":"https:\/\/tarimhaber.com\/index.php?rest_route=%2Fwp%2Fv2%2Fcategories&post=257874"},{"taxonomy":"post_tag","embeddable":true,"href":"https:\/\/tarimhaber.com\/index.php?rest_route=%2Fwp%2Fv2%2Ftags&post=257874"}],"curies":[{"name":"wp","href":"https:\/\/api.w.org\/{rel}","templated":true}]}}