{"id":257878,"date":"2026-02-18T09:26:08","date_gmt":"2026-02-18T09:26:08","guid":{"rendered":"https:\/\/tarimhaber.com\/?p=257878"},"modified":"2026-02-18T09:26:08","modified_gmt":"2026-02-18T09:26:08","slug":"kirikkalede-kucukbas-hayvan-yetistiricilerinin-coban-sorununa-iliskin-toplanti-yapildi","status":"publish","type":"post","link":"https:\/\/tarimhaber.com\/?p=257878","title":{"rendered":"K\u0131r\u0131kkale&apos;de k\u00fc\u00e7\u00fckba\u015f hayvan yeti\u015ftiricilerinin \u00e7oban sorununa ili\u015fkin toplant\u0131 yap\u0131ld\u0131"},"content":{"rendered":"<p>K\u0131r\u0131kkale \u0130l Tar\u0131m ve Orman M\u00fcd\u00fcrl\u00fc\u011f\u00fc, yabanc\u0131 uyruklu \u00e7oban istihdam\u0131 talepleri \u00fczerine bir toplant\u0131 d\u00fczenledi. Milletvekili Mustafa Kaplan, \u00fcreticilerin \u00e7oban temini sorununu \u00e7\u00f6zmek i\u00e7in \u00f6nemli ad\u0131mlar at\u0131ld\u0131\u011f\u0131n\u0131 vurgulad\u0131. Proje T\u00fcrkiye genelinde yayg\u0131nla\u015ft\u0131r\u0131lmas\u0131 planlan\u0131yor.<\/p>\n<p>Kaynak: <a href=\"https:\/\/www.haberler.com\/guncel\/kirikkale-de-yabanci-uyruklu-coban-istihdami-icin-toplanti-duzenlendi-19578708-haberi\/\" target=\"_blank\" class=\"feedzy-rss-link-icon\">Read More<\/a><\/p>","protected":false},"excerpt":{"rendered":"<p>K\u0131r\u0131kkale \u0130l Tar\u0131m ve Orman M\u00fcd\u00fcrl\u00fc\u011f\u00fc, yabanc\u0131 uyruklu \u00e7oban istihdam\u0131 talepleri \u00fczerine bir toplant\u0131 d\u00fczenledi. Milletvekili Mustafa Kaplan, \u00fcreticilerin \u00e7oban temini sorununu \u00e7\u00f6zmek i\u00e7in \u00f6nemli ad\u0131mlar at\u0131ld\u0131\u011f\u0131n\u0131 vurgulad\u0131. Proje T\u00fcrkiye&hellip;<\/p>\n","protected":false},"author":0,"featured_media":257879,"comment_status":"open","ping_status":"open","sticky":false,"template":"","format":"standard","meta":{"footnotes":""},"categories":[4200],"tags":[],"class_list":["post-257878","post","type-post","status-publish","format-standard","has-post-thumbnail","hentry","category-guncel-haberler"],"_links":{"self":[{"href":"https:\/\/tarimhaber.com\/index.php?rest_route=\/wp\/v2\/posts\/257878","targetHints":{"allow":["GET"]}}],"collection":[{"href":"https:\/\/tarimhaber.com\/index.php?rest_route=\/wp\/v2\/posts"}],"about":[{"href":"https:\/\/tarimhaber.com\/index.php?rest_route=\/wp\/v2\/types\/post"}],"replies":[{"embeddable":true,"href":"https:\/\/tarimhaber.com\/index.php?rest_route=%2Fwp%2Fv2%2Fcomments&post=257878"}],"version-history":[{"count":0,"href":"https:\/\/tarimhaber.com\/index.php?rest_route=\/wp\/v2\/posts\/257878\/revisions"}],"wp:featuredmedia":[{"embeddable":true,"href":"https:\/\/tarimhaber.com\/index.php?rest_route=\/wp\/v2\/media\/257879"}],"wp:attachment":[{"href":"https:\/\/tarimhaber.com\/index.php?rest_route=%2Fwp%2Fv2%2Fmedia&parent=257878"}],"wp:term":[{"taxonomy":"category","embeddable":true,"href":"https:\/\/tarimhaber.com\/index.php?rest_route=%2Fwp%2Fv2%2Fcategories&post=257878"},{"taxonomy":"post_tag","embeddable":true,"href":"https:\/\/tarimhaber.com\/index.php?rest_route=%2Fwp%2Fv2%2Ftags&post=257878"}],"curies":[{"name":"wp","href":"https:\/\/api.w.org\/{rel}","templated":true}]}}