{"id":258016,"date":"2026-02-19T06:26:11","date_gmt":"2026-02-19T06:26:11","guid":{"rendered":"http:\/\/tarimhaber.com\/?p=258016"},"modified":"2026-02-19T06:26:11","modified_gmt":"2026-02-19T06:26:11","slug":"100-milyonluk-yaris-atlari-kayip-iddiasina-aciklama-geldi","status":"publish","type":"post","link":"https:\/\/tarimhaber.com\/?p=258016","title":{"rendered":"&quot;100 milyonluk yar\u0131\u015f atlar\u0131 kay\u0131p&quot; iddias\u0131na a\u00e7\u0131klama geldi"},"content":{"rendered":"<p>CHP Milletvekili \u0130nan Akg\u00fcn Alp Meclis&#8217;te, &#8220;Tar\u0131m \u0130\u015fletmeleri Genel M\u00fcd\u00fcrl\u00fc\u011f\u00fcne ba\u011fl\u0131 Sultansuyu Tar\u0131m \u0130\u015fletmesinde de\u011feri 100 milyon TL&#8217;yi bulan yar\u0131\u015f atlar\u0131 kay\u0131pt\u0131r efendim. &#8216;Atlar\u0131 \u00e7alm\u0131\u015flar&#8217; demek istemiyorum ama atlar yok&#8221; ifadeleriyle g\u00fcndeme getirdi\u011fi iddiaya a\u00e7\u0131klama geldi. T\u0130GEM, iddialar\u0131n ger\u00e7e\u011fi yans\u0131tmad\u0131\u011f\u0131n\u0131 belirterek, &#8220;Trafik kazas\u0131nda 6 tay telef olmu\u015ftur. De\u011feri yakla\u015f\u0131k 800 bin TL&#8217;dir&#8221; ifadelerine yer verdi.<\/p>\n<p>Kaynak: <a href=\"https:\/\/www.haberler.com\/guncel\/tigem-den-kayip-yaris-atlari-aciklamasi-19581582-haberi\/\" target=\"_blank\" class=\"feedzy-rss-link-icon\">Read More<\/a><\/p>","protected":false},"excerpt":{"rendered":"<p>CHP Milletvekili \u0130nan Akg\u00fcn Alp Meclis&#8217;te, &#8220;Tar\u0131m \u0130\u015fletmeleri Genel M\u00fcd\u00fcrl\u00fc\u011f\u00fcne ba\u011fl\u0131 Sultansuyu Tar\u0131m \u0130\u015fletmesinde de\u011feri 100 milyon TL&#8217;yi bulan yar\u0131\u015f atlar\u0131 kay\u0131pt\u0131r efendim. &#8216;Atlar\u0131 \u00e7alm\u0131\u015flar&#8217; demek istemiyorum ama atlar yok&#8221;&hellip;<\/p>\n","protected":false},"author":0,"featured_media":258017,"comment_status":"open","ping_status":"open","sticky":false,"template":"","format":"standard","meta":{"footnotes":""},"categories":[4200],"tags":[],"class_list":["post-258016","post","type-post","status-publish","format-standard","has-post-thumbnail","hentry","category-guncel-haberler"],"_links":{"self":[{"href":"https:\/\/tarimhaber.com\/index.php?rest_route=\/wp\/v2\/posts\/258016","targetHints":{"allow":["GET"]}}],"collection":[{"href":"https:\/\/tarimhaber.com\/index.php?rest_route=\/wp\/v2\/posts"}],"about":[{"href":"https:\/\/tarimhaber.com\/index.php?rest_route=\/wp\/v2\/types\/post"}],"replies":[{"embeddable":true,"href":"https:\/\/tarimhaber.com\/index.php?rest_route=%2Fwp%2Fv2%2Fcomments&post=258016"}],"version-history":[{"count":0,"href":"https:\/\/tarimhaber.com\/index.php?rest_route=\/wp\/v2\/posts\/258016\/revisions"}],"wp:featuredmedia":[{"embeddable":true,"href":"https:\/\/tarimhaber.com\/index.php?rest_route=\/wp\/v2\/media\/258017"}],"wp:attachment":[{"href":"https:\/\/tarimhaber.com\/index.php?rest_route=%2Fwp%2Fv2%2Fmedia&parent=258016"}],"wp:term":[{"taxonomy":"category","embeddable":true,"href":"https:\/\/tarimhaber.com\/index.php?rest_route=%2Fwp%2Fv2%2Fcategories&post=258016"},{"taxonomy":"post_tag","embeddable":true,"href":"https:\/\/tarimhaber.com\/index.php?rest_route=%2Fwp%2Fv2%2Ftags&post=258016"}],"curies":[{"name":"wp","href":"https:\/\/api.w.org\/{rel}","templated":true}]}}