{"id":258070,"date":"2026-02-19T13:26:03","date_gmt":"2026-02-19T13:26:03","guid":{"rendered":"https:\/\/tarimhaber.com\/?p=258070"},"modified":"2026-02-19T13:26:03","modified_gmt":"2026-02-19T13:26:03","slug":"tikadan-senegalde-tarim-projesi","status":"publish","type":"post","link":"https:\/\/tarimhaber.com\/?p=258070","title":{"rendered":"T\u0130KA&apos;dan Senegal&apos;de Tar\u0131m Projesi"},"content":{"rendered":"<p>T\u00fcrk \u0130\u015fbirli\u011fi ve Koordinasyon Ajans\u0131 (T\u0130KA), Senegal&#8217;de Bat\u0131 Afrika Kad\u0131nlar Derne\u011fi (AFAO) ile 3 hektarl\u0131k alanda tar\u0131m arazisi projesini hayata ge\u00e7irdi.<\/p>\n<p>Kaynak: <a href=\"https:\/\/www.haberler.com\/guncel\/tika-senegal-de-5-kadin-kooperatifi-icin-3-19583294-haberi\/\" target=\"_blank\" class=\"feedzy-rss-link-icon\">Read More<\/a><\/p>","protected":false},"excerpt":{"rendered":"<p>T\u00fcrk \u0130\u015fbirli\u011fi ve Koordinasyon Ajans\u0131 (T\u0130KA), Senegal&#8217;de Bat\u0131 Afrika Kad\u0131nlar Derne\u011fi (AFAO) ile 3 hektarl\u0131k alanda tar\u0131m arazisi projesini hayata ge\u00e7irdi. Kaynak: Read More<\/p>\n","protected":false},"author":0,"featured_media":258071,"comment_status":"open","ping_status":"open","sticky":false,"template":"","format":"standard","meta":{"footnotes":""},"categories":[4200],"tags":[],"class_list":["post-258070","post","type-post","status-publish","format-standard","has-post-thumbnail","hentry","category-guncel-haberler"],"_links":{"self":[{"href":"https:\/\/tarimhaber.com\/index.php?rest_route=\/wp\/v2\/posts\/258070","targetHints":{"allow":["GET"]}}],"collection":[{"href":"https:\/\/tarimhaber.com\/index.php?rest_route=\/wp\/v2\/posts"}],"about":[{"href":"https:\/\/tarimhaber.com\/index.php?rest_route=\/wp\/v2\/types\/post"}],"replies":[{"embeddable":true,"href":"https:\/\/tarimhaber.com\/index.php?rest_route=%2Fwp%2Fv2%2Fcomments&post=258070"}],"version-history":[{"count":0,"href":"https:\/\/tarimhaber.com\/index.php?rest_route=\/wp\/v2\/posts\/258070\/revisions"}],"wp:featuredmedia":[{"embeddable":true,"href":"https:\/\/tarimhaber.com\/index.php?rest_route=\/wp\/v2\/media\/258071"}],"wp:attachment":[{"href":"https:\/\/tarimhaber.com\/index.php?rest_route=%2Fwp%2Fv2%2Fmedia&parent=258070"}],"wp:term":[{"taxonomy":"category","embeddable":true,"href":"https:\/\/tarimhaber.com\/index.php?rest_route=%2Fwp%2Fv2%2Fcategories&post=258070"},{"taxonomy":"post_tag","embeddable":true,"href":"https:\/\/tarimhaber.com\/index.php?rest_route=%2Fwp%2Fv2%2Ftags&post=258070"}],"curies":[{"name":"wp","href":"https:\/\/api.w.org\/{rel}","templated":true}]}}