{"id":258239,"date":"2026-02-20T13:25:46","date_gmt":"2026-02-20T13:25:46","guid":{"rendered":"https:\/\/tarimhaber.com\/?p=258239"},"modified":"2026-02-20T13:25:46","modified_gmt":"2026-02-20T13:25:46","slug":"usak-il-tarim-ve-ormanda-ziraat-muhendisi-ozgur-guclu-genc-yasta-vefat-etti-egedeyenigun","status":"publish","type":"post","link":"https:\/\/tarimhaber.com\/?p=258239","title":{"rendered":"U\u015fak \u0130l Tar\u0131m ve Orman&#8217;da Ziraat M\u00fchendisi \u00d6zg\u00fcr G\u00fc\u00e7l\u00fc, gen\u00e7 ya\u015fta vefat etti &#8211; egedeyenigun"},"content":{"rendered":"<p><a href=\"https:\/\/news.google.com\/rss\/articles\/CBMipwFBVV95cUxPSnB5cVpuS1FoQjRtaFdpcjczVVdaZjRjMWhqWFhfVFdXYVdwaV9KZ3k0ejh3RURqX05uSWxNU3hERDM0c29vSkdsbnVQZm90NXBKc3V1MVlJTHJHd2s3Ulc0ZjdKTXBlWjM4cnZuY3JFTmpxSl9NcF94UW1CWEF0QkdnczJrVUlKb1JZa0dncTJSSUZMQjBKRnVhcjY3N1Q1anV6cEhTWdIBrAFBVV95cUxNb2RMM2xMSE1HbFF4RFRURVlZRXlhQmVnSWFobWI4MVdraEg3eWNrLW9UcTFYU05YZmJQU18zdTVFeEkzeFFIOFlDdExNbXYtUTVialZyQjN2SkdlTlNKUDI3ZzJPOWRad3NpajNrOVlQRVJWblFrWTVyWkNtVklXb0c1MXFvTmlGQU1FczZFWUNSMnFKcDZvRVpna1hnODk5aXV2LUVCZHkwVlpE?oc=5\" target=\"_blank\">U\u015fak \u0130l Tar\u0131m ve Orman&#8217;da Ziraat M\u00fchendisi \u00d6zg\u00fcr G\u00fc\u00e7l\u00fc, gen\u00e7 ya\u015fta vefat etti<\/a>\u00a0\u00a0egedeyenigun<\/p>\n<p>Kaynak: <a href=\"https:\/\/news.google.com\/rss\/articles\/CBMipwFBVV95cUxPSnB5cVpuS1FoQjRtaFdpcjczVVdaZjRjMWhqWFhfVFdXYVdwaV9KZ3k0ejh3RURqX05uSWxNU3hERDM0c29vSkdsbnVQZm90NXBKc3V1MVlJTHJHd2s3Ulc0ZjdKTXBlWjM4cnZuY3JFTmpxSl9NcF94UW1CWEF0QkdnczJrVUlKb1JZa0dncTJSSUZMQjBKRnVhcjY3N1Q1anV6cEhTWdIBrAFBVV95cUxNb2RMM2xMSE1HbFF4RFRURVlZRXlhQmVnSWFobWI4MVdraEg3eWNrLW9UcTFYU05YZmJQU18zdTVFeEkzeFFIOFlDdExNbXYtUTVialZyQjN2SkdlTlNKUDI3ZzJPOWRad3NpajNrOVlQRVJWblFrWTVyWkNtVklXb0c1MXFvTmlGQU1FczZFWUNSMnFKcDZvRVpna1hnODk5aXV2LUVCZHkwVlpE?oc=5\" target=\"_blank\" class=\"feedzy-rss-link-icon\">Read More<\/a><\/p>","protected":false},"excerpt":{"rendered":"<p>U\u015fak \u0130l Tar\u0131m ve Orman&#8217;da Ziraat M\u00fchendisi \u00d6zg\u00fcr G\u00fc\u00e7l\u00fc, gen\u00e7 ya\u015fta vefat etti\u00a0\u00a0egedeyenigun Kaynak: Read More<\/p>\n","protected":false},"author":0,"featured_media":0,"comment_status":"open","ping_status":"open","sticky":false,"template":"","format":"standard","meta":{"footnotes":""},"categories":[4200],"tags":[],"class_list":["post-258239","post","type-post","status-publish","format-standard","has-post-thumbnail","hentry","category-guncel-haberler"],"_links":{"self":[{"href":"https:\/\/tarimhaber.com\/index.php?rest_route=\/wp\/v2\/posts\/258239","targetHints":{"allow":["GET"]}}],"collection":[{"href":"https:\/\/tarimhaber.com\/index.php?rest_route=\/wp\/v2\/posts"}],"about":[{"href":"https:\/\/tarimhaber.com\/index.php?rest_route=\/wp\/v2\/types\/post"}],"replies":[{"embeddable":true,"href":"https:\/\/tarimhaber.com\/index.php?rest_route=%2Fwp%2Fv2%2Fcomments&post=258239"}],"version-history":[{"count":0,"href":"https:\/\/tarimhaber.com\/index.php?rest_route=\/wp\/v2\/posts\/258239\/revisions"}],"wp:attachment":[{"href":"https:\/\/tarimhaber.com\/index.php?rest_route=%2Fwp%2Fv2%2Fmedia&parent=258239"}],"wp:term":[{"taxonomy":"category","embeddable":true,"href":"https:\/\/tarimhaber.com\/index.php?rest_route=%2Fwp%2Fv2%2Fcategories&post=258239"},{"taxonomy":"post_tag","embeddable":true,"href":"https:\/\/tarimhaber.com\/index.php?rest_route=%2Fwp%2Fv2%2Ftags&post=258239"}],"curies":[{"name":"wp","href":"https:\/\/api.w.org\/{rel}","templated":true}]}}