{"id":258406,"date":"2026-02-21T14:25:36","date_gmt":"2026-02-21T14:25:36","guid":{"rendered":"https:\/\/tarimhaber.com\/?p=258406"},"modified":"2026-02-21T14:25:36","modified_gmt":"2026-02-21T14:25:36","slug":"afyonkarahisar-is-dunyasindan-icisleri-bakan-yardimciligina-atanan-kubra-guran-yigitbasina-tesekkur","status":"publish","type":"post","link":"https:\/\/tarimhaber.com\/?p=258406","title":{"rendered":"Afyonkarahisar i\u015f d\u00fcnyas\u0131ndan \u0130\u00e7i\u015fleri Bakan Yard\u0131mc\u0131l\u0131\u011f\u0131na atanan K\u00fcbra G\u00fcran Yi\u011fitba\u015f\u0131&apos;na te\u015fekk\u00fcr"},"content":{"rendered":"<p>Afyonkarahisar Valili\u011fi d\u00f6neminde kentin sanayi ve tar\u0131m vizyonunu k\u00fcresel \u00f6l\u00e7ekte projelerle ta\u00e7land\u0131ran Do\u00e7. Dr. K\u00fcbra G\u00fcran Yi\u011fitba\u015f\u0131&#8217;n\u0131n \u0130\u00e7i\u015fleri Bakan Yard\u0131mc\u0131l\u0131\u011f\u0131 g\u00f6revine atanmas\u0131, i\u015f d\u00fcnyas\u0131nda b\u00fcy\u00fck bir yank\u0131 uyand\u0131rd\u0131. \u0130stanbul AFS\u0130AD Ba\u015fkan\u0131 H\u00fcseyin \u00c7elik, yay\u0131mlad\u0131\u011f\u0131 kapsaml\u0131 mesajda; \u015fehre kazand\u0131r\u0131lan 500 milyon dolar\u0131 a\u015fan yat\u0131r\u0131m hamlesine dikkat \u00e7ekerek, bu ataman\u0131n Afyonkarahisar i\u00e7in b\u00fcy\u00fck bir gurur vesilesi oldu\u011funu vurgulad\u0131.<\/p>\n<p>Kaynak: <a href=\"https:\/\/www.haberler.com\/yerel\/afyonkarahisar-is-dunyasi-icisleri-bakan-19589556-haberi\/\" target=\"_blank\" class=\"feedzy-rss-link-icon\">Read More<\/a><\/p>","protected":false},"excerpt":{"rendered":"<p>Afyonkarahisar Valili\u011fi d\u00f6neminde kentin sanayi ve tar\u0131m vizyonunu k\u00fcresel \u00f6l\u00e7ekte projelerle ta\u00e7land\u0131ran Do\u00e7. Dr. K\u00fcbra G\u00fcran Yi\u011fitba\u015f\u0131&#8217;n\u0131n \u0130\u00e7i\u015fleri Bakan Yard\u0131mc\u0131l\u0131\u011f\u0131 g\u00f6revine atanmas\u0131, i\u015f d\u00fcnyas\u0131nda b\u00fcy\u00fck bir yank\u0131 uyand\u0131rd\u0131. \u0130stanbul AFS\u0130AD&hellip;<\/p>\n","protected":false},"author":0,"featured_media":258407,"comment_status":"open","ping_status":"open","sticky":false,"template":"","format":"standard","meta":{"footnotes":""},"categories":[4200],"tags":[],"class_list":["post-258406","post","type-post","status-publish","format-standard","has-post-thumbnail","hentry","category-guncel-haberler"],"_links":{"self":[{"href":"https:\/\/tarimhaber.com\/index.php?rest_route=\/wp\/v2\/posts\/258406","targetHints":{"allow":["GET"]}}],"collection":[{"href":"https:\/\/tarimhaber.com\/index.php?rest_route=\/wp\/v2\/posts"}],"about":[{"href":"https:\/\/tarimhaber.com\/index.php?rest_route=\/wp\/v2\/types\/post"}],"replies":[{"embeddable":true,"href":"https:\/\/tarimhaber.com\/index.php?rest_route=%2Fwp%2Fv2%2Fcomments&post=258406"}],"version-history":[{"count":0,"href":"https:\/\/tarimhaber.com\/index.php?rest_route=\/wp\/v2\/posts\/258406\/revisions"}],"wp:featuredmedia":[{"embeddable":true,"href":"https:\/\/tarimhaber.com\/index.php?rest_route=\/wp\/v2\/media\/258407"}],"wp:attachment":[{"href":"https:\/\/tarimhaber.com\/index.php?rest_route=%2Fwp%2Fv2%2Fmedia&parent=258406"}],"wp:term":[{"taxonomy":"category","embeddable":true,"href":"https:\/\/tarimhaber.com\/index.php?rest_route=%2Fwp%2Fv2%2Fcategories&post=258406"},{"taxonomy":"post_tag","embeddable":true,"href":"https:\/\/tarimhaber.com\/index.php?rest_route=%2Fwp%2Fv2%2Ftags&post=258406"}],"curies":[{"name":"wp","href":"https:\/\/api.w.org\/{rel}","templated":true}]}}