{"id":258432,"date":"2026-02-21T18:25:19","date_gmt":"2026-02-21T18:25:19","guid":{"rendered":"http:\/\/tarimhaber.com\/?p=258432"},"modified":"2026-02-21T18:25:19","modified_gmt":"2026-02-21T18:25:19","slug":"cumhurbaskani-erdogan-tarim-sektorune-2026-icin-939-milyar-lira-destek-ayiracak","status":"publish","type":"post","link":"https:\/\/tarimhaber.com\/?p=258432","title":{"rendered":"Cumhurba\u015fkan\u0131 Erdo\u011fan, Tar\u0131m Sekt\u00f6r\u00fcne 2026 \u0130\u00e7in 939 Milyar Lira Destek Ay\u0131racak"},"content":{"rendered":"<p>Cumhurba\u015fkan\u0131 Recep Tayyip Erdo\u011fan, Hali\u00e7 Kongre Merkezi&#8217;nde \u00e7ift\u00e7ilerle yapt\u0131\u011f\u0131 iftar program\u0131nda, ge\u00e7ti\u011fimiz y\u0131l tar\u0131m sekt\u00f6r\u00fcne sa\u011flad\u0131klar\u0131 deste\u011fin 706 milyar lira oldu\u011funu belirtti. 2026 y\u0131l\u0131 i\u00e7in tar\u0131ma 939 milyar lira ay\u0131racaklar\u0131n\u0131 vurgulayan Erdo\u011fan, \u00e7ift\u00e7ilerin \u00fclke ekonomisindeki \u00f6nemine dikkat \u00e7ekerek, h\u00fck\u00fcmetlerin her zaman \u00e7ift\u00e7ilerin yan\u0131nda oldu\u011funu ifade etti.<\/p>\n<p>Kaynak: <a href=\"https:\/\/www.haberler.com\/politika\/cumhurbaskani-erdogan-ciftcilerle-iftar-19590155-haberi\/\" target=\"_blank\" class=\"feedzy-rss-link-icon\">Read More<\/a><\/p>","protected":false},"excerpt":{"rendered":"<p>Cumhurba\u015fkan\u0131 Recep Tayyip Erdo\u011fan, Hali\u00e7 Kongre Merkezi&#8217;nde \u00e7ift\u00e7ilerle yapt\u0131\u011f\u0131 iftar program\u0131nda, ge\u00e7ti\u011fimiz y\u0131l tar\u0131m sekt\u00f6r\u00fcne sa\u011flad\u0131klar\u0131 deste\u011fin 706 milyar lira oldu\u011funu belirtti. 2026 y\u0131l\u0131 i\u00e7in tar\u0131ma 939 milyar lira ay\u0131racaklar\u0131n\u0131&hellip;<\/p>\n","protected":false},"author":0,"featured_media":0,"comment_status":"open","ping_status":"open","sticky":false,"template":"","format":"standard","meta":{"footnotes":""},"categories":[4200],"tags":[],"class_list":["post-258432","post","type-post","status-publish","format-standard","hentry","category-guncel-haberler"],"_links":{"self":[{"href":"https:\/\/tarimhaber.com\/index.php?rest_route=\/wp\/v2\/posts\/258432","targetHints":{"allow":["GET"]}}],"collection":[{"href":"https:\/\/tarimhaber.com\/index.php?rest_route=\/wp\/v2\/posts"}],"about":[{"href":"https:\/\/tarimhaber.com\/index.php?rest_route=\/wp\/v2\/types\/post"}],"replies":[{"embeddable":true,"href":"https:\/\/tarimhaber.com\/index.php?rest_route=%2Fwp%2Fv2%2Fcomments&post=258432"}],"version-history":[{"count":0,"href":"https:\/\/tarimhaber.com\/index.php?rest_route=\/wp\/v2\/posts\/258432\/revisions"}],"wp:attachment":[{"href":"https:\/\/tarimhaber.com\/index.php?rest_route=%2Fwp%2Fv2%2Fmedia&parent=258432"}],"wp:term":[{"taxonomy":"category","embeddable":true,"href":"https:\/\/tarimhaber.com\/index.php?rest_route=%2Fwp%2Fv2%2Fcategories&post=258432"},{"taxonomy":"post_tag","embeddable":true,"href":"https:\/\/tarimhaber.com\/index.php?rest_route=%2Fwp%2Fv2%2Ftags&post=258432"}],"curies":[{"name":"wp","href":"https:\/\/api.w.org\/{rel}","templated":true}]}}