{"id":258651,"date":"2026-02-23T08:25:53","date_gmt":"2026-02-23T08:25:53","guid":{"rendered":"https:\/\/tarimhaber.com\/?p=258651"},"modified":"2026-02-23T08:25:53","modified_gmt":"2026-02-23T08:25:53","slug":"mardinde-kar-ve-yagmur-ciftciyi-sevindirdi-bereket-yili-bekleniyor","status":"publish","type":"post","link":"https:\/\/tarimhaber.com\/?p=258651","title":{"rendered":"Mardin&apos;de kar ve ya\u011fmur, \u00e7ift\u00e7iyi sevindirdi; bereket y\u0131l\u0131 bekleniyor"},"content":{"rendered":"<p>MARD\u0130N&#8217;de 3 y\u0131ld\u0131r devam eden kurakl\u0131\u011f\u0131n ard\u0131ndan bu y\u0131l etkili olan ya\u011f\u0131\u015flar, tar\u0131m arazilerine can suyu oldu.<\/p>\n<p>Kaynak: <a href=\"https:\/\/www.haberler.com\/guncel\/mardin-de-kar-ve-yagmur-ciftciyi-sevindirdi-19593351-haberi\/\" target=\"_blank\" class=\"feedzy-rss-link-icon\">Read More<\/a><\/p>","protected":false},"excerpt":{"rendered":"<p>MARD\u0130N&#8217;de 3 y\u0131ld\u0131r devam eden kurakl\u0131\u011f\u0131n ard\u0131ndan bu y\u0131l etkili olan ya\u011f\u0131\u015flar, tar\u0131m arazilerine can suyu oldu. Kaynak: Read More<\/p>\n","protected":false},"author":0,"featured_media":0,"comment_status":"open","ping_status":"open","sticky":false,"template":"","format":"standard","meta":{"footnotes":""},"categories":[4200],"tags":[],"class_list":["post-258651","post","type-post","status-publish","format-standard","hentry","category-guncel-haberler"],"_links":{"self":[{"href":"https:\/\/tarimhaber.com\/index.php?rest_route=\/wp\/v2\/posts\/258651","targetHints":{"allow":["GET"]}}],"collection":[{"href":"https:\/\/tarimhaber.com\/index.php?rest_route=\/wp\/v2\/posts"}],"about":[{"href":"https:\/\/tarimhaber.com\/index.php?rest_route=\/wp\/v2\/types\/post"}],"replies":[{"embeddable":true,"href":"https:\/\/tarimhaber.com\/index.php?rest_route=%2Fwp%2Fv2%2Fcomments&post=258651"}],"version-history":[{"count":0,"href":"https:\/\/tarimhaber.com\/index.php?rest_route=\/wp\/v2\/posts\/258651\/revisions"}],"wp:attachment":[{"href":"https:\/\/tarimhaber.com\/index.php?rest_route=%2Fwp%2Fv2%2Fmedia&parent=258651"}],"wp:term":[{"taxonomy":"category","embeddable":true,"href":"https:\/\/tarimhaber.com\/index.php?rest_route=%2Fwp%2Fv2%2Fcategories&post=258651"},{"taxonomy":"post_tag","embeddable":true,"href":"https:\/\/tarimhaber.com\/index.php?rest_route=%2Fwp%2Fv2%2Ftags&post=258651"}],"curies":[{"name":"wp","href":"https:\/\/api.w.org\/{rel}","templated":true}]}}