{"id":258654,"date":"2026-02-23T08:25:55","date_gmt":"2026-02-23T08:25:55","guid":{"rendered":"https:\/\/tarimhaber.com\/?p=258654"},"modified":"2026-02-23T08:25:55","modified_gmt":"2026-02-23T08:25:55","slug":"baskan-buyukkilic-develide-iftar-programina-katildi","status":"publish","type":"post","link":"https:\/\/tarimhaber.com\/?p=258654","title":{"rendered":"Ba\u015fkan B\u00fcy\u00fckk\u0131l\u0131\u00e7, Develi&apos;de iftar program\u0131na kat\u0131ld\u0131"},"content":{"rendered":"<p>Kayseri B\u00fcy\u00fck\u015fehir Belediye Ba\u015fkan\u0131 Memduh B\u00fcy\u00fckk\u0131l\u0131\u00e7, Develi il\u00e7esinde d\u00fczenlenen iftar program\u0131nda vatanda\u015flarla bir araya geldi. Programda tar\u0131m ve hayvanc\u0131l\u0131\u011fa verilen destekler ile belediyenin hizmetleri hakk\u0131nda bilgi verildi.<\/p>\n<p>Kaynak: <a href=\"https:\/\/www.haberler.com\/guncel\/buyukkilic-develi-de-iftar-programina-katildi-19593314-haberi\/\" target=\"_blank\" class=\"feedzy-rss-link-icon\">Read More<\/a><\/p>","protected":false},"excerpt":{"rendered":"<p>Kayseri B\u00fcy\u00fck\u015fehir Belediye Ba\u015fkan\u0131 Memduh B\u00fcy\u00fckk\u0131l\u0131\u00e7, Develi il\u00e7esinde d\u00fczenlenen iftar program\u0131nda vatanda\u015flarla bir araya geldi. Programda tar\u0131m ve hayvanc\u0131l\u0131\u011fa verilen destekler ile belediyenin hizmetleri hakk\u0131nda bilgi verildi. Kaynak: Read More<\/p>\n","protected":false},"author":0,"featured_media":0,"comment_status":"open","ping_status":"open","sticky":false,"template":"","format":"standard","meta":{"footnotes":""},"categories":[4200],"tags":[],"class_list":["post-258654","post","type-post","status-publish","format-standard","hentry","category-guncel-haberler"],"_links":{"self":[{"href":"https:\/\/tarimhaber.com\/index.php?rest_route=\/wp\/v2\/posts\/258654","targetHints":{"allow":["GET"]}}],"collection":[{"href":"https:\/\/tarimhaber.com\/index.php?rest_route=\/wp\/v2\/posts"}],"about":[{"href":"https:\/\/tarimhaber.com\/index.php?rest_route=\/wp\/v2\/types\/post"}],"replies":[{"embeddable":true,"href":"https:\/\/tarimhaber.com\/index.php?rest_route=%2Fwp%2Fv2%2Fcomments&post=258654"}],"version-history":[{"count":0,"href":"https:\/\/tarimhaber.com\/index.php?rest_route=\/wp\/v2\/posts\/258654\/revisions"}],"wp:attachment":[{"href":"https:\/\/tarimhaber.com\/index.php?rest_route=%2Fwp%2Fv2%2Fmedia&parent=258654"}],"wp:term":[{"taxonomy":"category","embeddable":true,"href":"https:\/\/tarimhaber.com\/index.php?rest_route=%2Fwp%2Fv2%2Fcategories&post=258654"},{"taxonomy":"post_tag","embeddable":true,"href":"https:\/\/tarimhaber.com\/index.php?rest_route=%2Fwp%2Fv2%2Ftags&post=258654"}],"curies":[{"name":"wp","href":"https:\/\/api.w.org\/{rel}","templated":true}]}}