{"id":258704,"date":"2026-02-23T14:25:17","date_gmt":"2026-02-23T14:25:17","guid":{"rendered":"https:\/\/tarimhaber.com\/?p=258704"},"modified":"2026-02-23T14:25:17","modified_gmt":"2026-02-23T14:25:17","slug":"adanada-ramazan-ayi-dolayisiyla-firinlar-denetlendi","status":"publish","type":"post","link":"https:\/\/tarimhaber.com\/?p=258704","title":{"rendered":"Adana&apos;da ramazan ay\u0131 dolay\u0131s\u0131yla f\u0131r\u0131nlar denetlendi"},"content":{"rendered":"<p>Adana&#8217;n\u0131n Seyhan il\u00e7esinde, ramazan ay\u0131 i\u00e7in f\u0131r\u0131nlarda yap\u0131lan denetimlerde hijyen ve saklama ko\u015fullar\u0131 kontrol edildi. \u0130l Tar\u0131m ve Orman M\u00fcd\u00fcr\u00fc, g\u0131da \u00fcretimindeki uygunsuzluklara kar\u015f\u0131 &#8216;s\u0131f\u0131r tolerans&#8217; politikas\u0131 izlediklerini a\u00e7\u0131klad\u0131.<\/p>\n<p>Kaynak: <a href=\"https:\/\/www.haberler.com\/guncel\/adana-da-ramazan-denetimleri-sikilasiyor-19594530-haberi\/\" target=\"_blank\" class=\"feedzy-rss-link-icon\">Read More<\/a><\/p>","protected":false},"excerpt":{"rendered":"<p>Adana&#8217;n\u0131n Seyhan il\u00e7esinde, ramazan ay\u0131 i\u00e7in f\u0131r\u0131nlarda yap\u0131lan denetimlerde hijyen ve saklama ko\u015fullar\u0131 kontrol edildi. \u0130l Tar\u0131m ve Orman M\u00fcd\u00fcr\u00fc, g\u0131da \u00fcretimindeki uygunsuzluklara kar\u015f\u0131 &#8216;s\u0131f\u0131r tolerans&#8217; politikas\u0131 izlediklerini a\u00e7\u0131klad\u0131. Kaynak:&hellip;<\/p>\n","protected":false},"author":0,"featured_media":258705,"comment_status":"open","ping_status":"open","sticky":false,"template":"","format":"standard","meta":{"footnotes":""},"categories":[4200],"tags":[],"class_list":["post-258704","post","type-post","status-publish","format-standard","has-post-thumbnail","hentry","category-guncel-haberler"],"_links":{"self":[{"href":"https:\/\/tarimhaber.com\/index.php?rest_route=\/wp\/v2\/posts\/258704","targetHints":{"allow":["GET"]}}],"collection":[{"href":"https:\/\/tarimhaber.com\/index.php?rest_route=\/wp\/v2\/posts"}],"about":[{"href":"https:\/\/tarimhaber.com\/index.php?rest_route=\/wp\/v2\/types\/post"}],"replies":[{"embeddable":true,"href":"https:\/\/tarimhaber.com\/index.php?rest_route=%2Fwp%2Fv2%2Fcomments&post=258704"}],"version-history":[{"count":0,"href":"https:\/\/tarimhaber.com\/index.php?rest_route=\/wp\/v2\/posts\/258704\/revisions"}],"wp:featuredmedia":[{"embeddable":true,"href":"https:\/\/tarimhaber.com\/index.php?rest_route=\/wp\/v2\/media\/258705"}],"wp:attachment":[{"href":"https:\/\/tarimhaber.com\/index.php?rest_route=%2Fwp%2Fv2%2Fmedia&parent=258704"}],"wp:term":[{"taxonomy":"category","embeddable":true,"href":"https:\/\/tarimhaber.com\/index.php?rest_route=%2Fwp%2Fv2%2Fcategories&post=258704"},{"taxonomy":"post_tag","embeddable":true,"href":"https:\/\/tarimhaber.com\/index.php?rest_route=%2Fwp%2Fv2%2Ftags&post=258704"}],"curies":[{"name":"wp","href":"https:\/\/api.w.org\/{rel}","templated":true}]}}