{"id":258854,"date":"2026-02-24T13:26:18","date_gmt":"2026-02-24T13:26:18","guid":{"rendered":"https:\/\/tarimhaber.com\/?p=258854"},"modified":"2026-02-24T13:26:18","modified_gmt":"2026-02-24T13:26:18","slug":"nigdede-15-tarim-orman-ve-insan-konulu-fotograf-sergisi-acildi","status":"publish","type":"post","link":"https:\/\/tarimhaber.com\/?p=258854","title":{"rendered":"Ni\u011fde&apos;de &quot;15. Tar\u0131m Orman ve \u0130nsan&quot; konulu foto\u011fraf sergisi a\u00e7\u0131ld\u0131"},"content":{"rendered":"<p>Ni\u011fde&#8217;de, Tar\u0131m ve Orman Bakanl\u0131\u011f\u0131 taraf\u0131ndan d\u00fczenlenen &#8217;15. Tar\u0131m Orman ve \u0130nsan&#8217; konulu foto\u011fraf sergisi, sanatseverlerle bulu\u015ftu. Vali Nedim Akme\u015fe&#8217;nin a\u00e7\u0131l\u0131\u015f\u0131n\u0131 yapt\u0131\u011f\u0131 sergide, 100 foto\u011fraf yer al\u0131yor ve 26 \u015eubat&#8217;a kadar ziyaret edilebilecek.<\/p>\n<p>Kaynak: <a href=\"https:\/\/www.haberler.com\/kultur-sanat\/nigde-de-15-tarim-orman-ve-insan-fotograf-sergisi-acildi-19597614-haberi\/\" target=\"_blank\" class=\"feedzy-rss-link-icon\">Read More<\/a><\/p>","protected":false},"excerpt":{"rendered":"<p>Ni\u011fde&#8217;de, Tar\u0131m ve Orman Bakanl\u0131\u011f\u0131 taraf\u0131ndan d\u00fczenlenen &#8217;15. Tar\u0131m Orman ve \u0130nsan&#8217; konulu foto\u011fraf sergisi, sanatseverlerle bulu\u015ftu. Vali Nedim Akme\u015fe&#8217;nin a\u00e7\u0131l\u0131\u015f\u0131n\u0131 yapt\u0131\u011f\u0131 sergide, 100 foto\u011fraf yer al\u0131yor ve 26 \u015eubat&#8217;a&hellip;<\/p>\n","protected":false},"author":0,"featured_media":258855,"comment_status":"open","ping_status":"open","sticky":false,"template":"","format":"standard","meta":{"footnotes":""},"categories":[4200],"tags":[],"class_list":["post-258854","post","type-post","status-publish","format-standard","has-post-thumbnail","hentry","category-guncel-haberler"],"_links":{"self":[{"href":"https:\/\/tarimhaber.com\/index.php?rest_route=\/wp\/v2\/posts\/258854","targetHints":{"allow":["GET"]}}],"collection":[{"href":"https:\/\/tarimhaber.com\/index.php?rest_route=\/wp\/v2\/posts"}],"about":[{"href":"https:\/\/tarimhaber.com\/index.php?rest_route=\/wp\/v2\/types\/post"}],"replies":[{"embeddable":true,"href":"https:\/\/tarimhaber.com\/index.php?rest_route=%2Fwp%2Fv2%2Fcomments&post=258854"}],"version-history":[{"count":0,"href":"https:\/\/tarimhaber.com\/index.php?rest_route=\/wp\/v2\/posts\/258854\/revisions"}],"wp:featuredmedia":[{"embeddable":true,"href":"https:\/\/tarimhaber.com\/index.php?rest_route=\/wp\/v2\/media\/258855"}],"wp:attachment":[{"href":"https:\/\/tarimhaber.com\/index.php?rest_route=%2Fwp%2Fv2%2Fmedia&parent=258854"}],"wp:term":[{"taxonomy":"category","embeddable":true,"href":"https:\/\/tarimhaber.com\/index.php?rest_route=%2Fwp%2Fv2%2Fcategories&post=258854"},{"taxonomy":"post_tag","embeddable":true,"href":"https:\/\/tarimhaber.com\/index.php?rest_route=%2Fwp%2Fv2%2Ftags&post=258854"}],"curies":[{"name":"wp","href":"https:\/\/api.w.org\/{rel}","templated":true}]}}