{"id":258856,"date":"2026-02-24T13:26:19","date_gmt":"2026-02-24T13:26:19","guid":{"rendered":"https:\/\/tarimhaber.com\/?p=258856"},"modified":"2026-02-24T13:26:19","modified_gmt":"2026-02-24T13:26:19","slug":"bakan-gurlek-guclu-toplum-guclu-turkiyenin-temelidir","status":"publish","type":"post","link":"https:\/\/tarimhaber.com\/?p=258856","title":{"rendered":"Bakan G\u00fcrlek: &quot;G\u00fc\u00e7l\u00fc toplum g\u00fc\u00e7l\u00fc T\u00fcrkiye&apos;nin temelidir&quot;"},"content":{"rendered":"<p>Adalet Bakan\u0131 Ak\u0131n G\u00fcrlek, Ni\u011fde, Aksaray ve Nev\u015fehir Dernekler Federasyonlar\u0131n\u0131 a\u011f\u0131rlad\u0131. Bakan G\u00fcrlek, g\u00fc\u00e7l\u00fc aile ve toplum vurgusu yaparak, b\u00f6lgenin tar\u0131m ve turizm potansiyeline dikkat \u00e7ekti.<\/p>\n<p>Kaynak: <a href=\"https:\/\/www.haberler.com\/politika\/bakan-gurlek-ten-nigde-aksaray-ve-nevsehir-federasyonlarina-ziyaret-19597607-haberi\/\" target=\"_blank\" class=\"feedzy-rss-link-icon\">Read More<\/a><\/p>","protected":false},"excerpt":{"rendered":"<p>Adalet Bakan\u0131 Ak\u0131n G\u00fcrlek, Ni\u011fde, Aksaray ve Nev\u015fehir Dernekler Federasyonlar\u0131n\u0131 a\u011f\u0131rlad\u0131. Bakan G\u00fcrlek, g\u00fc\u00e7l\u00fc aile ve toplum vurgusu yaparak, b\u00f6lgenin tar\u0131m ve turizm potansiyeline dikkat \u00e7ekti. Kaynak: Read More<\/p>\n","protected":false},"author":0,"featured_media":258857,"comment_status":"open","ping_status":"open","sticky":false,"template":"","format":"standard","meta":{"footnotes":""},"categories":[4200],"tags":[],"class_list":["post-258856","post","type-post","status-publish","format-standard","has-post-thumbnail","hentry","category-guncel-haberler"],"_links":{"self":[{"href":"https:\/\/tarimhaber.com\/index.php?rest_route=\/wp\/v2\/posts\/258856","targetHints":{"allow":["GET"]}}],"collection":[{"href":"https:\/\/tarimhaber.com\/index.php?rest_route=\/wp\/v2\/posts"}],"about":[{"href":"https:\/\/tarimhaber.com\/index.php?rest_route=\/wp\/v2\/types\/post"}],"replies":[{"embeddable":true,"href":"https:\/\/tarimhaber.com\/index.php?rest_route=%2Fwp%2Fv2%2Fcomments&post=258856"}],"version-history":[{"count":0,"href":"https:\/\/tarimhaber.com\/index.php?rest_route=\/wp\/v2\/posts\/258856\/revisions"}],"wp:featuredmedia":[{"embeddable":true,"href":"https:\/\/tarimhaber.com\/index.php?rest_route=\/wp\/v2\/media\/258857"}],"wp:attachment":[{"href":"https:\/\/tarimhaber.com\/index.php?rest_route=%2Fwp%2Fv2%2Fmedia&parent=258856"}],"wp:term":[{"taxonomy":"category","embeddable":true,"href":"https:\/\/tarimhaber.com\/index.php?rest_route=%2Fwp%2Fv2%2Fcategories&post=258856"},{"taxonomy":"post_tag","embeddable":true,"href":"https:\/\/tarimhaber.com\/index.php?rest_route=%2Fwp%2Fv2%2Ftags&post=258856"}],"curies":[{"name":"wp","href":"https:\/\/api.w.org\/{rel}","templated":true}]}}