{"id":259055,"date":"2026-02-25T19:25:38","date_gmt":"2026-02-25T19:25:38","guid":{"rendered":"https:\/\/tarimhaber.com\/?p=259055"},"modified":"2026-02-25T19:25:38","modified_gmt":"2026-02-25T19:25:38","slug":"chpli-saribal-pamukta-maliyetler-ureticiyi-eziyor-destekler-gostermelik-kaliyor-kosullar-pamuktan-kacisi-tesvik-ediyor","status":"publish","type":"post","link":"https:\/\/tarimhaber.com\/?p=259055","title":{"rendered":"CHP&apos;li Sar\u0131bal: &quot;Pamukta Maliyetler \u00dcreticiyi Eziyor, Destekler G\u00f6stermelik Kal\u0131yor, Ko\u015fullar Pamuktan Ka\u00e7\u0131\u015f\u0131 Te\u015fvik Ediyor&quot;"},"content":{"rendered":"<p>CHP Bursa Milletvekili Orhan Sar\u0131bal, &#8220;Maliyet \u00fcreticiyi eziyor, destekler g\u00f6stermelik kal\u0131yor, fiyat politikas\u0131 \u00fcretimi cezaland\u0131r\u0131yor. Bu ko\u015fullar pamuktan ka\u00e7\u0131\u015f\u0131 te\u015fvik ediyor. T\u00fcrkiye\u2019nin y\u0131ll\u0131k pamuk ihtiyac\u0131 yakla\u015f\u0131k 1,6 milyon ton. Artan maliyetler, yetersiz destekler ve yanl\u0131\u015f tar\u0131m politikalar\u0131 \u00fcreticiyi pamuktan kopard\u0131. Bu tablo, ithalat ba\u011f\u0131ml\u0131l\u0131\u011f\u0131n\u0131n neden kal\u0131c\u0131la\u015ft\u0131\u011f\u0131n\u0131 a\u00e7\u0131k\u00e7a g\u00f6steriyor. Amerika ve Brezilya, T\u00fcrkiye\u2019ye pamuk satabilmek i\u00e7in yar\u0131\u015f\u0131yor&#8221; dedi.<\/p>\n<p>Kaynak: <a href=\"https:\/\/www.haberler.com\/guncel\/chp-li-saribal-pamukta-maliyetler-ureticiyi-eziyor-19601035-haberi\/\" target=\"_blank\" class=\"feedzy-rss-link-icon\">Read More<\/a><\/p>","protected":false},"excerpt":{"rendered":"<p>CHP Bursa Milletvekili Orhan Sar\u0131bal, &#8220;Maliyet \u00fcreticiyi eziyor, destekler g\u00f6stermelik kal\u0131yor, fiyat politikas\u0131 \u00fcretimi cezaland\u0131r\u0131yor. Bu ko\u015fullar pamuktan ka\u00e7\u0131\u015f\u0131 te\u015fvik ediyor. T\u00fcrkiye\u2019nin y\u0131ll\u0131k pamuk ihtiyac\u0131 yakla\u015f\u0131k 1,6 milyon ton. Artan&hellip;<\/p>\n","protected":false},"author":0,"featured_media":0,"comment_status":"open","ping_status":"open","sticky":false,"template":"","format":"standard","meta":{"footnotes":""},"categories":[4200],"tags":[],"class_list":["post-259055","post","type-post","status-publish","format-standard","hentry","category-guncel-haberler"],"_links":{"self":[{"href":"https:\/\/tarimhaber.com\/index.php?rest_route=\/wp\/v2\/posts\/259055","targetHints":{"allow":["GET"]}}],"collection":[{"href":"https:\/\/tarimhaber.com\/index.php?rest_route=\/wp\/v2\/posts"}],"about":[{"href":"https:\/\/tarimhaber.com\/index.php?rest_route=\/wp\/v2\/types\/post"}],"replies":[{"embeddable":true,"href":"https:\/\/tarimhaber.com\/index.php?rest_route=%2Fwp%2Fv2%2Fcomments&post=259055"}],"version-history":[{"count":0,"href":"https:\/\/tarimhaber.com\/index.php?rest_route=\/wp\/v2\/posts\/259055\/revisions"}],"wp:attachment":[{"href":"https:\/\/tarimhaber.com\/index.php?rest_route=%2Fwp%2Fv2%2Fmedia&parent=259055"}],"wp:term":[{"taxonomy":"category","embeddable":true,"href":"https:\/\/tarimhaber.com\/index.php?rest_route=%2Fwp%2Fv2%2Fcategories&post=259055"},{"taxonomy":"post_tag","embeddable":true,"href":"https:\/\/tarimhaber.com\/index.php?rest_route=%2Fwp%2Fv2%2Ftags&post=259055"}],"curies":[{"name":"wp","href":"https:\/\/api.w.org\/{rel}","templated":true}]}}