{"id":259177,"date":"2026-02-26T13:26:19","date_gmt":"2026-02-26T13:26:19","guid":{"rendered":"http:\/\/tarimhaber.com\/?p=259177"},"modified":"2026-02-26T13:26:19","modified_gmt":"2026-02-26T13:26:19","slug":"chpli-gurer-2018de-500-bin-anac-koyun-dagitimi-hedeflenirken-simdi-2026-2028-doneminde-3-yilda-toplam-150-bin-koyun-dagitimi-ongoruluyor","status":"publish","type":"post","link":"https:\/\/tarimhaber.com\/?p=259177","title":{"rendered":"CHP&apos;li G\u00fcrer:  &quot;2018&apos;de 500 Bin Ana\u00e7 Koyun Da\u011f\u0131t\u0131m\u0131 Hedeflenirken \u015eimdi 2026-2028 D\u00f6neminde 3 Y\u0131lda Toplam 150 Bin Koyun Da\u011f\u0131t\u0131m\u0131 \u00d6ng\u00f6r\u00fcl\u00fcyor&quot;"},"content":{"rendered":"<p>CHP Ni\u011fde Milletvekili \u00d6mer Fethi G\u00fcrer, ge\u00e7mi\u015f d\u00f6nemde h\u00fck\u00fcmetin a\u00e7\u0131klad\u0131\u011f\u0131 projelere ra\u011fmen 2026 y\u0131l\u0131nda et sorunun devam etti\u011fini ve ithalat\u0131n h\u0131z kesmeden s\u00fcrd\u00fcr\u00fcld\u00fc\u011f\u00fcn\u00fc belirterek, &#8220;D\u00f6nemin Tar\u0131m Bakan\u0131 taraf\u0131ndan a\u00e7\u0131klanan projede \u00fcreticiye asgari \u00fccret tutar\u0131ndan maa\u015f, sigorta ve veterinerlik hizmetleri gibi g\u00fcvenceler vaat edildi\u011fi noktada yeni d\u00f6nem hedeflerinin ciddi bi\u00e7imde k\u00fc\u00e7\u00fcld\u00fc\u011f\u00fc g\u00f6r\u00fcl\u00fcyor. O d\u00f6nemki proje a\u00e7\u0131kland\u0131\u011f\u0131nda bug\u00fcnk\u00fc projeye g\u00f6re daha uygun \u015fartlar ve ko\u015fullar i\u00e7eriyordu. 2018&#8217;de 500 bin ana\u00e7 koyun da\u011f\u0131t\u0131m\u0131 hedeflenirken \u015fimdi 2026-2028 d\u00f6neminde 3 y\u0131lda toplam 150 bin koyun da\u011f\u0131t\u0131m\u0131 \u00f6ng\u00f6r\u00fcl\u00fcyor&#8221; diye konu\u015ftu.\u00a0<\/p>\n<p>Kaynak: <a href=\"https:\/\/www.haberler.com\/guncel\/chp-li-gurer-2018-de-500-bin-anac-koyun-dagitimi-19603750-haberi\/\" target=\"_blank\" class=\"feedzy-rss-link-icon\">Read More<\/a><\/p>","protected":false},"excerpt":{"rendered":"<p>CHP Ni\u011fde Milletvekili \u00d6mer Fethi G\u00fcrer, ge\u00e7mi\u015f d\u00f6nemde h\u00fck\u00fcmetin a\u00e7\u0131klad\u0131\u011f\u0131 projelere ra\u011fmen 2026 y\u0131l\u0131nda et sorunun devam etti\u011fini ve ithalat\u0131n h\u0131z kesmeden s\u00fcrd\u00fcr\u00fcld\u00fc\u011f\u00fcn\u00fc belirterek, &#8220;D\u00f6nemin Tar\u0131m Bakan\u0131 taraf\u0131ndan a\u00e7\u0131klanan projede&hellip;<\/p>\n","protected":false},"author":0,"featured_media":0,"comment_status":"open","ping_status":"open","sticky":false,"template":"","format":"standard","meta":{"footnotes":""},"categories":[4200],"tags":[],"class_list":["post-259177","post","type-post","status-publish","format-standard","hentry","category-guncel-haberler"],"_links":{"self":[{"href":"https:\/\/tarimhaber.com\/index.php?rest_route=\/wp\/v2\/posts\/259177","targetHints":{"allow":["GET"]}}],"collection":[{"href":"https:\/\/tarimhaber.com\/index.php?rest_route=\/wp\/v2\/posts"}],"about":[{"href":"https:\/\/tarimhaber.com\/index.php?rest_route=\/wp\/v2\/types\/post"}],"replies":[{"embeddable":true,"href":"https:\/\/tarimhaber.com\/index.php?rest_route=%2Fwp%2Fv2%2Fcomments&post=259177"}],"version-history":[{"count":0,"href":"https:\/\/tarimhaber.com\/index.php?rest_route=\/wp\/v2\/posts\/259177\/revisions"}],"wp:attachment":[{"href":"https:\/\/tarimhaber.com\/index.php?rest_route=%2Fwp%2Fv2%2Fmedia&parent=259177"}],"wp:term":[{"taxonomy":"category","embeddable":true,"href":"https:\/\/tarimhaber.com\/index.php?rest_route=%2Fwp%2Fv2%2Fcategories&post=259177"},{"taxonomy":"post_tag","embeddable":true,"href":"https:\/\/tarimhaber.com\/index.php?rest_route=%2Fwp%2Fv2%2Ftags&post=259177"}],"curies":[{"name":"wp","href":"https:\/\/api.w.org\/{rel}","templated":true}]}}