{"id":259201,"date":"2026-02-26T15:26:00","date_gmt":"2026-02-26T15:26:00","guid":{"rendered":"https:\/\/tarimhaber.com\/?p=259201"},"modified":"2026-02-26T15:26:00","modified_gmt":"2026-02-26T15:26:00","slug":"filistin-topraklarini-gasbeden-israilliler-bati-seriada-filistinli-bir-kadini-darbederek-yaraladi","status":"publish","type":"post","link":"https:\/\/tarimhaber.com\/?p=259201","title":{"rendered":"Filistin topraklar\u0131n\u0131 gasbeden \u0130srailliler, Bat\u0131 \u015eeria&apos;da Filistinli bir kad\u0131n\u0131 darbederek yaralad\u0131"},"content":{"rendered":"<p>\u0130srail ordusu, i\u015fgal alt\u0131ndaki Bat\u0131 \u015eeria&#8217;n\u0131n Nablus kentinde bir eve bask\u0131n d\u00fczenlerken, Filistinli bir kad\u0131na da sald\u0131r\u0131lar ger\u00e7ekle\u015ftirildi. Filistinli aktivist, gasp\u00e7\u0131 \u0130sraillilerin k\u00f6y sakinlerine sald\u0131rd\u0131\u011f\u0131n\u0131 ve bunun sonucunda bir kad\u0131n\u0131n yaraland\u0131\u011f\u0131n\u0131 aktard\u0131. Olayda, \u0130srail ordusunun b\u00f6lgedeki bask\u0131nlar\u0131 ve Filistinlilerin tar\u0131m arazilerine yap\u0131lan sald\u0131r\u0131lar da g\u00fcndeme geldi.<\/p>\n<p>Kaynak: <a href=\"https:\/\/www.haberler.com\/guncel\/israil-ordusunun-bati-seria-daki-baskinlari-ve-filistinli-kadina-saldiri-19604550-haberi\/\" target=\"_blank\" class=\"feedzy-rss-link-icon\">Read More<\/a><\/p>","protected":false},"excerpt":{"rendered":"<p>\u0130srail ordusu, i\u015fgal alt\u0131ndaki Bat\u0131 \u015eeria&#8217;n\u0131n Nablus kentinde bir eve bask\u0131n d\u00fczenlerken, Filistinli bir kad\u0131na da sald\u0131r\u0131lar ger\u00e7ekle\u015ftirildi. Filistinli aktivist, gasp\u00e7\u0131 \u0130sraillilerin k\u00f6y sakinlerine sald\u0131rd\u0131\u011f\u0131n\u0131 ve bunun sonucunda bir kad\u0131n\u0131n&hellip;<\/p>\n","protected":false},"author":0,"featured_media":0,"comment_status":"open","ping_status":"open","sticky":false,"template":"","format":"standard","meta":{"footnotes":""},"categories":[4200],"tags":[],"class_list":["post-259201","post","type-post","status-publish","format-standard","hentry","category-guncel-haberler"],"_links":{"self":[{"href":"https:\/\/tarimhaber.com\/index.php?rest_route=\/wp\/v2\/posts\/259201","targetHints":{"allow":["GET"]}}],"collection":[{"href":"https:\/\/tarimhaber.com\/index.php?rest_route=\/wp\/v2\/posts"}],"about":[{"href":"https:\/\/tarimhaber.com\/index.php?rest_route=\/wp\/v2\/types\/post"}],"replies":[{"embeddable":true,"href":"https:\/\/tarimhaber.com\/index.php?rest_route=%2Fwp%2Fv2%2Fcomments&post=259201"}],"version-history":[{"count":0,"href":"https:\/\/tarimhaber.com\/index.php?rest_route=\/wp\/v2\/posts\/259201\/revisions"}],"wp:attachment":[{"href":"https:\/\/tarimhaber.com\/index.php?rest_route=%2Fwp%2Fv2%2Fmedia&parent=259201"}],"wp:term":[{"taxonomy":"category","embeddable":true,"href":"https:\/\/tarimhaber.com\/index.php?rest_route=%2Fwp%2Fv2%2Fcategories&post=259201"},{"taxonomy":"post_tag","embeddable":true,"href":"https:\/\/tarimhaber.com\/index.php?rest_route=%2Fwp%2Fv2%2Ftags&post=259201"}],"curies":[{"name":"wp","href":"https:\/\/api.w.org\/{rel}","templated":true}]}}