{"id":259587,"date":"2026-03-01T11:26:38","date_gmt":"2026-03-01T11:26:38","guid":{"rendered":"https:\/\/tarimhaber.com\/?p=259587"},"modified":"2026-03-01T11:26:38","modified_gmt":"2026-03-01T11:26:38","slug":"ahirda-cikan-yanginda-67-kucukbas-ile-1-inek-oldu","status":"publish","type":"post","link":"https:\/\/tarimhaber.com\/?p=259587","title":{"rendered":"Ah\u0131rda \u00e7\u0131kan yang\u0131nda 67 k\u00fc\u00e7\u00fckba\u015f ile 1 inek \u00f6ld\u00fc"},"content":{"rendered":"<p>VAN&#8217;\u0131n Ba\u015fkale il\u00e7esinde bir ah\u0131rda \u00e7\u0131kan yang\u0131nda 67 k\u00fc\u00e7\u00fckba\u015f hayvan ve 1 inek ya\u015fam\u0131n\u0131 yitirdi. Yang\u0131n\u0131n ard\u0131ndan Tar\u0131m ve Orman M\u00fcd\u00fcrl\u00fc\u011f\u00fc zarar tespit \u00e7al\u0131\u015fmas\u0131 ba\u015flatt\u0131. Yang\u0131n\u0131n nedenine y\u00f6nelik inceleme devam ediyor.<\/p>\n<p>Kaynak: <a href=\"https:\/\/www.haberler.com\/guncel\/baskale-de-ahir-yangini-67-kucukbas-ve-1-inek-hayatini-kaybetti-19613675-haberi\/\" target=\"_blank\" class=\"feedzy-rss-link-icon\">Read More<\/a><\/p>","protected":false},"excerpt":{"rendered":"<p>VAN&#8217;\u0131n Ba\u015fkale il\u00e7esinde bir ah\u0131rda \u00e7\u0131kan yang\u0131nda 67 k\u00fc\u00e7\u00fckba\u015f hayvan ve 1 inek ya\u015fam\u0131n\u0131 yitirdi. Yang\u0131n\u0131n ard\u0131ndan Tar\u0131m ve Orman M\u00fcd\u00fcrl\u00fc\u011f\u00fc zarar tespit \u00e7al\u0131\u015fmas\u0131 ba\u015flatt\u0131. Yang\u0131n\u0131n nedenine y\u00f6nelik inceleme devam&hellip;<\/p>\n","protected":false},"author":0,"featured_media":259588,"comment_status":"open","ping_status":"open","sticky":false,"template":"","format":"standard","meta":{"footnotes":""},"categories":[4200],"tags":[],"class_list":["post-259587","post","type-post","status-publish","format-standard","has-post-thumbnail","hentry","category-guncel-haberler"],"_links":{"self":[{"href":"https:\/\/tarimhaber.com\/index.php?rest_route=\/wp\/v2\/posts\/259587","targetHints":{"allow":["GET"]}}],"collection":[{"href":"https:\/\/tarimhaber.com\/index.php?rest_route=\/wp\/v2\/posts"}],"about":[{"href":"https:\/\/tarimhaber.com\/index.php?rest_route=\/wp\/v2\/types\/post"}],"replies":[{"embeddable":true,"href":"https:\/\/tarimhaber.com\/index.php?rest_route=%2Fwp%2Fv2%2Fcomments&post=259587"}],"version-history":[{"count":0,"href":"https:\/\/tarimhaber.com\/index.php?rest_route=\/wp\/v2\/posts\/259587\/revisions"}],"wp:featuredmedia":[{"embeddable":true,"href":"https:\/\/tarimhaber.com\/index.php?rest_route=\/wp\/v2\/media\/259588"}],"wp:attachment":[{"href":"https:\/\/tarimhaber.com\/index.php?rest_route=%2Fwp%2Fv2%2Fmedia&parent=259587"}],"wp:term":[{"taxonomy":"category","embeddable":true,"href":"https:\/\/tarimhaber.com\/index.php?rest_route=%2Fwp%2Fv2%2Fcategories&post=259587"},{"taxonomy":"post_tag","embeddable":true,"href":"https:\/\/tarimhaber.com\/index.php?rest_route=%2Fwp%2Fv2%2Ftags&post=259587"}],"curies":[{"name":"wp","href":"https:\/\/api.w.org\/{rel}","templated":true}]}}