{"id":259837,"date":"2026-03-03T07:26:05","date_gmt":"2026-03-03T07:26:05","guid":{"rendered":"https:\/\/tarimhaber.com\/?p=259837"},"modified":"2026-03-03T07:26:05","modified_gmt":"2026-03-03T07:26:05","slug":"iklim-degisikligi-bu-kez-kuraklik-degil-selle-kendini-gosterdi-uzmanindan-yer-alti-baraji-onerisi","status":"publish","type":"post","link":"https:\/\/tarimhaber.com\/?p=259837","title":{"rendered":"\u0130klim de\u011fi\u015fikli\u011fi bu kez kurakl\u0131k de\u011fil, selle kendini g\u00f6sterdi; uzman\u0131ndan &apos;yer alt\u0131 baraj\u0131&apos; \u00f6nerisi"},"content":{"rendered":"<p>\u00c7ukurova \u00dcniversitesi&#8217;nden Prof. Dr. Bur\u00e7ak Kapur, iklim de\u011fi\u015fikli\u011finin kurakl\u0131ktan sele ge\u00e7i\u015fe neden oldu\u011funu belirtti. Ya\u011f\u0131\u015flar\u0131n artmas\u0131yla barajlardaki su seviyeleri y\u00fckselirken, a\u015f\u0131r\u0131 ya\u011f\u0131\u015flar tar\u0131m arazilerini su alt\u0131nda b\u0131rakt\u0131.<\/p>\n<p>Kaynak: <a href=\"https:\/\/www.haberler.com\/guncel\/adana-da-iklim-degisikligi-sel-felaketlerine-yol-aciyor-19618761-haberi\/\" target=\"_blank\" class=\"feedzy-rss-link-icon\">Read More<\/a><\/p>","protected":false},"excerpt":{"rendered":"<p>\u00c7ukurova \u00dcniversitesi&#8217;nden Prof. Dr. Bur\u00e7ak Kapur, iklim de\u011fi\u015fikli\u011finin kurakl\u0131ktan sele ge\u00e7i\u015fe neden oldu\u011funu belirtti. Ya\u011f\u0131\u015flar\u0131n artmas\u0131yla barajlardaki su seviyeleri y\u00fckselirken, a\u015f\u0131r\u0131 ya\u011f\u0131\u015flar tar\u0131m arazilerini su alt\u0131nda b\u0131rakt\u0131. Kaynak: Read More<\/p>\n","protected":false},"author":0,"featured_media":259838,"comment_status":"open","ping_status":"open","sticky":false,"template":"","format":"standard","meta":{"footnotes":""},"categories":[4200],"tags":[],"class_list":["post-259837","post","type-post","status-publish","format-standard","has-post-thumbnail","hentry","category-guncel-haberler"],"_links":{"self":[{"href":"https:\/\/tarimhaber.com\/index.php?rest_route=\/wp\/v2\/posts\/259837","targetHints":{"allow":["GET"]}}],"collection":[{"href":"https:\/\/tarimhaber.com\/index.php?rest_route=\/wp\/v2\/posts"}],"about":[{"href":"https:\/\/tarimhaber.com\/index.php?rest_route=\/wp\/v2\/types\/post"}],"replies":[{"embeddable":true,"href":"https:\/\/tarimhaber.com\/index.php?rest_route=%2Fwp%2Fv2%2Fcomments&post=259837"}],"version-history":[{"count":0,"href":"https:\/\/tarimhaber.com\/index.php?rest_route=\/wp\/v2\/posts\/259837\/revisions"}],"wp:featuredmedia":[{"embeddable":true,"href":"https:\/\/tarimhaber.com\/index.php?rest_route=\/wp\/v2\/media\/259838"}],"wp:attachment":[{"href":"https:\/\/tarimhaber.com\/index.php?rest_route=%2Fwp%2Fv2%2Fmedia&parent=259837"}],"wp:term":[{"taxonomy":"category","embeddable":true,"href":"https:\/\/tarimhaber.com\/index.php?rest_route=%2Fwp%2Fv2%2Fcategories&post=259837"},{"taxonomy":"post_tag","embeddable":true,"href":"https:\/\/tarimhaber.com\/index.php?rest_route=%2Fwp%2Fv2%2Ftags&post=259837"}],"curies":[{"name":"wp","href":"https:\/\/api.w.org\/{rel}","templated":true}]}}