{"id":259874,"date":"2026-03-03T11:26:37","date_gmt":"2026-03-03T11:26:37","guid":{"rendered":"http:\/\/tarimhaber.com\/?p=259874"},"modified":"2026-03-03T11:26:37","modified_gmt":"2026-03-03T11:26:37","slug":"bilecikte-tarim-orman-ve-insan-fotograf-sergisi-duzenlendi-2","status":"publish","type":"post","link":"https:\/\/tarimhaber.com\/?p=259874","title":{"rendered":"Bilecik&apos;te &quot;Tar\u0131m, Orman ve \u0130nsan&quot; foto\u011fraf sergisi d\u00fczenlendi"},"content":{"rendered":"<p>Bilecik&#8217;in Boz\u00fcy\u00fck il\u00e7esinde Tar\u0131m ve Orman Bakanl\u0131\u011f\u0131 taraf\u0131ndan d\u00fczenlenen 15. Uluslararas\u0131 Tar\u0131m Orman ve \u0130nsan Foto\u011fraf Yar\u0131\u015fmas\u0131&#8217;ndan se\u00e7ki foto\u011fraflar sergilendi. Serginin a\u00e7\u0131l\u0131\u015f\u0131na Boz\u00fcy\u00fck Kaymakam\u0131 Adem \u00d6zt\u00fcrk ve Bilecik \u0130l Tar\u0131m ve Orman M\u00fcd\u00fcr\u00fc \u00c7etin Ayval\u0131k da kat\u0131ld\u0131.<\/p>\n<p>Kaynak: <a href=\"https:\/\/www.haberler.com\/guncel\/15-uluslararasi-tarim-orman-ve-insan-fotograf-yarismasi-sergisi-acildi-19619708-haberi\/\" target=\"_blank\" class=\"feedzy-rss-link-icon\">Read More<\/a><\/p>","protected":false},"excerpt":{"rendered":"<p>Bilecik&#8217;in Boz\u00fcy\u00fck il\u00e7esinde Tar\u0131m ve Orman Bakanl\u0131\u011f\u0131 taraf\u0131ndan d\u00fczenlenen 15. Uluslararas\u0131 Tar\u0131m Orman ve \u0130nsan Foto\u011fraf Yar\u0131\u015fmas\u0131&#8217;ndan se\u00e7ki foto\u011fraflar sergilendi. Serginin a\u00e7\u0131l\u0131\u015f\u0131na Boz\u00fcy\u00fck Kaymakam\u0131 Adem \u00d6zt\u00fcrk ve Bilecik \u0130l Tar\u0131m&hellip;<\/p>\n","protected":false},"author":0,"featured_media":259875,"comment_status":"open","ping_status":"open","sticky":false,"template":"","format":"standard","meta":{"footnotes":""},"categories":[4200],"tags":[],"class_list":["post-259874","post","type-post","status-publish","format-standard","has-post-thumbnail","hentry","category-guncel-haberler"],"_links":{"self":[{"href":"https:\/\/tarimhaber.com\/index.php?rest_route=\/wp\/v2\/posts\/259874","targetHints":{"allow":["GET"]}}],"collection":[{"href":"https:\/\/tarimhaber.com\/index.php?rest_route=\/wp\/v2\/posts"}],"about":[{"href":"https:\/\/tarimhaber.com\/index.php?rest_route=\/wp\/v2\/types\/post"}],"replies":[{"embeddable":true,"href":"https:\/\/tarimhaber.com\/index.php?rest_route=%2Fwp%2Fv2%2Fcomments&post=259874"}],"version-history":[{"count":0,"href":"https:\/\/tarimhaber.com\/index.php?rest_route=\/wp\/v2\/posts\/259874\/revisions"}],"wp:featuredmedia":[{"embeddable":true,"href":"https:\/\/tarimhaber.com\/index.php?rest_route=\/wp\/v2\/media\/259875"}],"wp:attachment":[{"href":"https:\/\/tarimhaber.com\/index.php?rest_route=%2Fwp%2Fv2%2Fmedia&parent=259874"}],"wp:term":[{"taxonomy":"category","embeddable":true,"href":"https:\/\/tarimhaber.com\/index.php?rest_route=%2Fwp%2Fv2%2Fcategories&post=259874"},{"taxonomy":"post_tag","embeddable":true,"href":"https:\/\/tarimhaber.com\/index.php?rest_route=%2Fwp%2Fv2%2Ftags&post=259874"}],"curies":[{"name":"wp","href":"https:\/\/api.w.org\/{rel}","templated":true}]}}